{"id":8179,"date":"2008-09-10T18:12:40","date_gmt":"2008-09-10T18:12:40","guid":{"rendered":"https:\/\/ericdesneux.fr\/?p=8179"},"modified":"2024-08-22T06:44:06","modified_gmt":"2024-08-22T05:44:06","slug":"violence-legale","status":"publish","type":"post","link":"https:\/\/ericdesneux.fr\/?p=8179","title":{"rendered":"Violence l\u00e9gale"},"content":{"rendered":"\n<p><strong>Un matin du mois d&#8217;ao\u00fbt. Je quitte mon domicile pour me rendre sur mon lieu de travail<\/strong>.&nbsp;<strong>La ville est encore calme, presque paisible.<\/strong>&nbsp;Les commerces n&#8217;ont pas ouvert et beaucoup de parisiens sont encore en vacances. A la nonchalance de l&#8217;\u00e9t\u00e9 s&#8217;ajoute la lenteur matinale.; Devant ma porte, \u00e0 une cinquantaine de m\u00e8tres tout au plus, une voiture stationn\u00e9e sur un marquage &#8220;livraison&#8221; est en train de se faire aligner par un officier de police en fonction. Avant qu&#8217;il n\u2019ait regagn\u00e9 son v\u00e9hicule apr\u00e8s avoir glisser l&#8217;amende sous l&#8217;essuie-glace du pare-brise avant, je crie dans sa direction : <strong><em>&#8220;c&#8217;est l&#8217;arbitraire qui tue la loi !&#8221;<\/em>.<\/strong> <\/p>\n\n\n\n<p><strong>Aucune r\u00e9action de sa part. Le ronronnement des rares voitures qui passent a peut-\u00eatre couvert le son<\/strong> de ma voix. Il s\u2019est empress\u00e9 de remonter dans son v\u00e9hicule et a d\u00e9marr\u00e9. Quand la voiture de police passe devant moi, je marque ostensiblement ma d\u00e9sapprobation. Le policier assis \u00e0 l&#8217;arri\u00e8re, interpell\u00e9 par ma grimace, me questionne du regard et demande \u00e0 son coll\u00e8gue d&#8217;arr\u00eater la voiture. Je m&#8217;approche et j&#8217;engage directement la conversation sur ce que je viens d&#8217;observer.<\/p>\n\n\n\n<p><em>&#8211; \u00ab&nbsp;c&#8217;est d\u00e9gueulasse ce que vous faites !<em>\u00bb<\/em> <\/em>m&#8217;exclame-je.<em> <em>\u00ab&nbsp;<\/em>Je ne comprends pas pourquoi vous verbalisez une voiture gar\u00e9e sur un emplacement livraison alors que l&#8217;on est en plein mois d&#8217;ao\u00fbt (sous-entendu, il n&#8217;y a pas grand monde que \u00e7a va d\u00e9ranger), que les rares commerces de la rue pas ferm\u00e9s pour l&#8217;\u00e9t\u00e9 n&#8217;ont pas encore ouverts (re sous-entendu : l&#8217;emplacement livraison ne remplit pas encore son office) et que ce mois-ci le stationnement est gratuit \u00e0 Paris. Il est \u00e0 peine 8h, le propri\u00e9taire du v\u00e9hicule repartira probablement avant 9h pour se rendre \u00e0 son taf, il <em>ne g\u00e8ne personne et <\/em>vous le savez bien !&nbsp;\u00bb<\/em><\/p>\n\n\n\n<p><strong>Je m&#8217;attends \u00e0 ce que l&#8217;on me demande de d\u00e9cliner mon identit\u00e9, mes papiers,&#8230;. <\/strong>Mais non. Le policier interpell\u00e9 par ma r\u00e9action se contente de me scruter du regard. Il me demande&nbsp;: <em>\u00ab&nbsp;vous habitez ici&nbsp;?&nbsp;\u00bb<\/em>. Ses deux coll\u00e8gues (ils sont trois \u00e0 bord) me d\u00e9visagent et scrutent les alentours. La rue est calme. Ce n&#8217;est pas la premi\u00e8re fois que j&#8217;engage la discussion avec la Police sur un fait mineur.&nbsp;Mais je constate que si elle a appris \u00e0 &#8220;vouvoyer les gens&#8221; \u00e0 l&#8217;invite du roi Sarkozy, cela ne l&#8217;a pas rendu plus bienveillante. Bien au contraire, j&#8217;ai m\u00eame l&#8217;impression que la politesse a renforc\u00e9 sa rigidit\u00e9. Je remarque toutefois que le policier qui a verbalis\u00e9e la voiture manifeste une plus grande nervosit\u00e9. J&#8217;\u00e9lude son regard et me tourne vers celui qui me semble le plus calme. J&#8217;ajoute :  <br><br>&#8211; <em>\u00ab&nbsp;Je comprends que dans une grande ville tr\u00e8s fr\u00e9quent\u00e9e comme Paris quelques r\u00e8gles soient n\u00e9cessaires pour assurer le trafic mais quand m\u00eame&#8230;.&nbsp;&nbsp;L\u00e0 je trouve que vous abusez ! J&#8217;habite le quartier depuis plus de 10 ans. Avec tous les travaux d&#8217;am\u00e9nagement qui ont \u00e9t\u00e9 fait r\u00e9cemment, c&#8217;est devenu impossible de se garer. Alors au mois d\u2019ao\u00fbt, vous pourriez l\u00e2cher du leste\u2026&nbsp;\u00bb<\/em><br>&#8211; <em>\u00ab&nbsp;C&#8217;est la loi !&nbsp;\u00bb <\/em>Me r\u00e9pond t-on.<br>&#8211; <em>\u00ab&nbsp;La loi ? Mais vous l&#8217;appliquez de mani\u00e8re arbitraire, sans discernement. Votre geste n&#8217;avait pas d\u2019autre sens que celui de verbaliser pour verbaliser et accessoirement remplir les caisses de l&#8217;Etat ! Vous d\u00e9go\u00fbtez les gens avec des attitudes pareilles.&nbsp;<\/em>\u00bb<\/p>\n\n\n\n<p>Le policier au volant de la voiture qui a d\u00e9pos\u00e9 le papillon est sorti de sa r\u00e9serve. Piqu\u00e9 au vif, il m&#8217;apostrophe :<br>&#8211; <em>\u00ab&nbsp;Mais vous savez, nous aussi on les paye les amendes ! La loi est la m\u00eame pour tous! On ne fait que l&#8217;appliquer m\u00eame quand elle n\u2019est pas toujours juste.&nbsp;\u00bb<\/em><br>&#8211; <em>\u00ab&nbsp;On fait notre m\u00e9tier&nbsp;\u00bb<\/em>, rench\u00e9rissent les deux autres.<\/p>\n\n\n\n<p><strong>J&#8217;ai pris un peu de recul. S&#8217;agissant d&#8217;un fait aussi banal qu&#8217;une contravention, je n&#8217;ai pas voulu surench\u00e9rir<\/strong>\u00a0J&#8217;ai reconnu dans les yeux anxieux du policier qui m\u2019a apostroph\u00e9, le trouble de celui que sa conscience travaille. Je le sens prisonnier du vent glacial de l\u2019ob\u00e9issance \u00e0 l\u2019ordre et de l&#8217;arbitraire, qui meurtrit l&#8217;\u00eatre au plus profond de lui m\u00eame. Je marque un temps et reprends plus calmement\u00a0:<br><em>&#8211; \u00ab\u00a0Je ne dis pas que vous jouissez de privil\u00e8ges, et que vous \u00eates \u00e0 l&#8217;abri ou au-dessus de la loi. Je sais bien que vous \u00eates &#8220;tenus \u00e0 un r\u00e9sultat&#8221;, que la pression de votre hi\u00e9rarchie ne vous laisse gu\u00e8re le choix et que s&#8217;il ne s&#8217;agissait que de vous, vous agiriez peut-\u00eatre diff\u00e9remment\u00a0\u00bb.<\/em> <br><br><strong>Je continue de scruter le regard interrogateur que me lance le fonctionnaire d&#8217;Etat.<\/strong> Je crois y lire une approbation secr\u00e8te ou \u00e0 tout le moins, une \u00e9motion mal contenue. Je poursuis plus gravement\u00a0: <em>\u00ab\u00a0Nous sommes tous dans le m\u00eame bain. Policier ou pas, on est tous responsables de nos existences et cette terre est le fruit de nos actes, ni plus ni moins.\u00a0\u00a0Si on continue, dans ce monde de plus en plus hyper r\u00e9glement\u00e9, \u00e0 subir et appliquer des lois injustes et contradictoires qui nous emp\u00eachent de vivre simplement, o\u00f9 est ce que cela va nous mener ?\u00a0\u00bb<\/em> Je n&#8217;ai pas le temps d&#8217;en appeler au d\u00e9veloppement de la conscience, ni m\u00eame d\u2019\u00e9voquer la possibilit\u00e9 d\u2019un monde sans chefs, sans police et sans lois (comme j\u2019aurais aim\u00e9 le faire\u00a0!). Les policiers ont d\u00e9tourn\u00e9 leur regard et m&#8217;ont fait signe d&#8217;arr\u00eater de parler Pour clore la discussion, l\u2019agent assis \u00e0 l&#8217;arri\u00e8re me lance d&#8217;un air d\u00e9sabus\u00e9\u00a0:<br>&#8211; <em>\u00ab\u00a0Vous avez votre carte d&#8217;\u00e9lecteur ?\u00a0\u00bb<\/em><br>&#8211; <em>\u00ab\u00a0Bien s\u00fbr\u00a0!<\/em> <em>\u00bb<\/em> R\u00e9pondis je sur un ton qui ne laisse place \u00e0 aucune ambigu\u00eft\u00e9, pour leur rappeler les droits que me conf\u00e8re ma citoyennet\u00e9 (au cas o\u00f9 ils auraient eu envie, in fine, de m\u2019embarquer). Il hausse les \u00e9paules et dodeline de la t\u00eate comme pour dire : &#8220;vous savez donc ce qui vous reste \u00e0 faire. Votez pour un autre candidat la prochaine fois&#8221;. <br><br><strong>Comme si l&#8217;on pouvait attendre quoi que ce soit de cet ordre, d&#8217;un bulletin de vote.\u00a0<\/strong>La politique par d\u00e9finition, est instrument de pouvoir et de coercition. C\u2019est elle qui fait les lois qui nous gouvernent, lois qu\u2019elle applique rarement \u00e0 elle-m\u00eame d\u2019ailleurs, mais qu\u2019<em>elle fait habilement sceller par ceux qu\u2019elle domine pour les corrompre, les tromper, les voler<\/em>. C\u2019est sous son joug que nous vivons tous. Que son masque soit religieux,\u00a0\u00a0r\u00e9publicain ou militaire c\u2019est tout comme\u00a0:\u00a0<em>roi noir, roi blanc, m\u00eame cuisse\u00a0!<\/em>\u00a0C\u2019est d\u2019elle, de son syst\u00e8me et de sa logique, dont nous devons apprendre \u00e0 nous lib\u00e9rer, pour que s\u2019\u00e9panouisse la vraie vie humaine, la recherche libre de la Bont\u00e9. Quand l\u2019Etat change de visage, sa logique reste la m\u00eame et le monde perp\u00e9tue ses erreurs. Quand un homme\u00a0<em>change<\/em>\u00a0son c\u0153ur, c&#8217;est toute l&#8217;humanit\u00e9 qu&#8217;il aide \u00e0 \u00e9voluer.<\/p>\n\n\n\n<p><strong>Pris de cours, je regarde leur voiture s\u2019\u00e9loigner<\/strong>&nbsp;et m\u2019engouffre chez le petit marchand de journaux d\u2019\u00e0 cot\u00e9 qui vient d\u2019ouvrir. Je nage encore dans les mots qui son rest\u00e9s dans ma gorge. Alors je lui conte mon affaire et le prend \u00e0 partie&nbsp;:<br><em>-\u00ab&nbsp;qu\u2019auriez vous fait \u00e0 ma place&nbsp;? Je suis intervenu pour leur signifier qu\u2019il y a encore des gens qui sont pr\u00eats \u00e0 ne pas se laisser faire. Si on ne r\u00e9agit pas, ils vont aller jusqu\u2019o\u00f9 comme \u00e7a&nbsp;? Tenez, rien que pour la circulation, c\u2019est 2.500 radars suppl\u00e9mentaires qu\u2019ils pr\u00e9voient d\u2019installer \u00e0 l\u2019horizon 2012&nbsp;! Sans parler du fichage g\u00e9n\u00e9ralis\u00e9 de la population qui se pr\u00e9pare. Faut r\u00e9sister \u00e0 tout \u00e7a. L\u2019homme n\u2019est pas fait pour vivre surveill\u00e9 et enr\u00e9giment\u00e9&nbsp;\u00bb.<\/em><\/p>\n\n\n\n<p>Il acquiesce beno\u00eetement comme tout commer\u00e7ant qui sait qu\u2019il doit laisser parler le client s\u2019il ne veut pas perdre une vente. Je le sens un peu pris au d\u00e9pourvu mais j\u2019insiste&nbsp;:<br>&#8211;<em>\u00ab&nbsp;L\u2019Etat est de plus en plus omnipr\u00e9sent. Il s\u2019est immisc\u00e9 dans toutes nos activit\u00e9s (le travail, l\u2019\u00e9cole, la sant\u00e9, la pens\u00e9e\u2026), il fait peser sur nous de plus en plus de taxes et d\u2019imp\u00f4ts (pr\u00e8s de la moiti\u00e9 du PIB passe dans ses caisses), et fait voter des lois \u00e0 tour de bras\u2026et pour quel r\u00e9sultat&nbsp;? Bient\u00f4t on ne pourra plus rien faire qui ne soit r\u00e9pr\u00e9hensible ou \u00e0 tout le moins codifi\u00e9, tax\u00e9, norm\u00e9. M\u00eame marcher dans la rue et respirer l\u2019air sera contr\u00f4l\u00e9 par les autorit\u00e9s. Vous trouvez \u00e7a normal&nbsp;?&nbsp;\u00bb<\/em>. Il a empoch\u00e9 son argent en arborant un large sourire et en marmonnant quelques \u00ab&nbsp;oui-oui&nbsp;\u00bb, mais je ne saurais dire si c\u2019\u00e9tait de l\u2019incr\u00e9dulit\u00e9 ou de la sympathie.<\/p>\n\n\n\n<p><strong>Arriv\u00e9 \u00e0 mon lieu de travail, je parcours la presse, <\/strong>encore habit\u00e9 par les remous de cette conversation.&nbsp;Partout les m\u00eames signes d\u2019une humanit\u00e9 en proie au mensonge, \u00e0 la violence, \u00e0 la cupidit\u00e9 de&nbsp;<em>ses dominateurs<\/em>. Je me r\u00e9conforte en me disant qu\u2019en Occident nous jouissons d\u2019une relative paix et d\u2019une&nbsp;certaine libert\u00e9 de parole et de pens\u00e9e, de certains leviers d\u2019actions contre nos gouvernants.&nbsp;&nbsp;Dans n\u2019importe quel autre contr\u00e9e, apostropher ainsi un agent arm\u00e9 peut vous attirer de graves ennuis. L\u2019Etat je ne l\u2019oublie pas, s\u2019est arrog\u00e9 partout le droit de \u00ab&nbsp;disposer de la violence l\u00e9gale&nbsp;\u00bb, y compris dans notre pays, pour assurer son autorit\u00e9. Mais je me demande jusqu\u2019o\u00f9 sa relative tol\u00e9rance \u00e0 l\u2019\u00e9gard des contestataires de toutes sortes, ne masque pas en Occident, une plus grande sophistication dans l\u2019exercice du pouvoir, de sa part.<\/p>\n\n\n\n<p><strong>En France, le r\u00e9cent projet de fichage de la population par les RG,&nbsp;&nbsp;baptis\u00e9 EDVIGE<\/strong>, d\u00e9nonc\u00e9 par un grand nombre d\u2019association nous montre \u00e0 quel point l\u2019Etat moderne n\u2019a rien abandonn\u00e9 de sa volont\u00e9 de circonvenir et manipuler la population qu\u2019il gouverne. Son ambition, comme tout pouvoir, est de disposer d\u2019un peuple soumis \u00e0 ses vues, \u00e0 son ordre et \u00e0 ses institutions. Si l\u2019Etat moderne a, en apparence, d\u00e9laiss\u00e9 l\u2019exercice de la force brutale contre sa population, c\u2019est qu\u2019il est parvenu \u00e0 la conditionner au point o\u00f9 une majorit\u00e9 de cette derni\u00e8re en est arriv\u00e9 \u00e0 r\u00e9clamer de vive voix, l\u2019exercice de son autorit\u00e9. Pauvre humanit\u00e9&nbsp;!<\/p>\n\n\n\n<p><strong>J\u2019observe heureusement que devant la forte mobilisation contre le projet EDVIGE<\/strong>, le gouvernement est contraint de revoir son projet. Preuve s\u2019il en est que face au pouvoir, tout est rapport de force et qu\u2019il existe encore en France, des forces (minoritaires) capables de r\u00e9sister pour d\u00e9fendre une certaine id\u00e9e de l\u2019homme et de la soci\u00e9t\u00e9. Mais jusqu\u2019o\u00f9 l\u2019homme moderne est-il pr\u00eat \u00e0 se mobiliser contre un syst\u00e8me qui lui garantit par ailleurs le confort d\u2019une vie \u00ab&nbsp;s\u00e9curis\u00e9e&nbsp;\u00bb face \u00e0 tant de \u00ab&nbsp;menaces&nbsp;\u00bb, \u00e9conomiques, financi\u00e8res, terroristes, nucl\u00e9aires \u2026? Par ailleurs, si les manifestations contre EDVIGE ont \u00e9t\u00e9 relay\u00e9 par quelques magistrats, syndicaux et hommes politiques, je vois bien que c\u2019est parce que le fichier les concernait potentiellement aussi.&nbsp;<\/p>\n\n\n\n<p><strong>C\u2019est d\u2019ailleurs bien ce qui posait probl\u00e8me&nbsp;: l\u2019\u00e9largissement du fichier<\/strong>&nbsp;\u00e0 tous les hommes&nbsp;&#8220;suceptibles de troubler l&#8217;ordre public&#8221;, autrement dit susceptibles&nbsp;d\u2019entreprendre quelque chose dans cette soci\u00e9t\u00e9&nbsp;: acteurs \u00e9conomiques, politiques, sociaux, syndicaux, religieux, associatifs\u2026 et ce d\u00e8s l&#8217;\u00e2ge de 13 ans (sous couvert de lutter contre la d\u00e9linquance), ! C\u2019est dire si l\u2019Etat se m\u00e9fie de tout se qui bouge et associe peu pou prou toute activit\u00e9 humaine \u00e0 un \u00ab&nbsp;d\u00e9sordre&nbsp;\u00bb en puissance. Sa doctrine est celle de l\u2019immobilisme. Et son concept de la citoyennet\u00e9, \u00e9quivaut peu ou prou \u00e0 celui de la moutonnerie bien rang\u00e9e. Car que signifie \u00ab \u00eatre susceptible de troubler l\u2019ordre public&nbsp;\u00bb au juste&nbsp;? C\u2019est bien l\u00e0, que le b\u00e2t blesse, car tout cela sera laiss\u00e9 \u00e0 l\u2019appr\u00e9ciation des agents en exercice\u2026 qui devront scrupuleusement, j\u2019allais dire consciencieusement, ex\u00e9cuter les directives de leurs hi\u00e9rarchies.&nbsp;Et quand on tentera de s&#8217;y opposer, on s&#8217;entendra r\u00e9pondre :&nbsp;\u00ab&nbsp;Juste ou pas, c&#8217;est la Loi&nbsp; !&nbsp;\u00bb.<\/p>\n\n\n\n<p><strong>Est-ce qu\u2019un homme qui pense que le bonheur ne sortira pas de l\u2019enr\u00e9gimentement<\/strong>&nbsp;<strong>dans un syst\u00e8me politico-social et le fait savoir, \u00ab&nbsp;trouble l\u2019ordre public&nbsp;\u00bb&nbsp;?<\/strong>&nbsp;&nbsp;Est-ce que croire et agir dans le sens de l\u2019amour, du partage, du pardon, de la paix et l\u2019intelligence spirituelle retrouv\u00e9e, \u00ab&nbsp;trouble l\u2019ordre public&nbsp;\u00bb&nbsp;? C\u2019est toujours au nom du&nbsp;<em>salut public<\/em>&nbsp;que l\u2019on zigouille ceux qui sortent du rang, rappelle&nbsp;<em>la R\u00e9v\u00e9lation d\u2019Ar\u00e8s<\/em>, au nom de \u00ab&nbsp;la s\u00e9curit\u00e9 et de la protection&nbsp;\u00bb que l\u2019on restreint aujourd\u2019hui les libert\u00e9s publiques. Aujourd\u2019hui plus besoin de moyens brutaux, la police s\u2019est \u00ab&nbsp;civilis\u00e9e \u00bb. La seule mention de votre nom dans LE fichier, suffira \u00e0 vous discr\u00e9diter. Les lynchages et rodomontades ne se font plus sur les places \u00e0 coup de matraques, ils sont devenus \u00ab&nbsp;m\u00e9diatiques&nbsp;\u00bb.&nbsp;Belle \u00e9volution !&nbsp;&nbsp;Et quand on pense \u00e0 la facilit\u00e9 de traitement et de manipulation qu\u2019offre aujourd\u2019hui l\u2019informatique\u2026on fr\u00e9mit. On se dit surtout que personne ne risque d&#8217;\u00eatre \u00e9pargn\u00e9, m\u00eame ceux qui se croient&nbsp;\u00e0 l&#8217;abri,&nbsp;install\u00e9s docilement dans le confort de l&#8217;ob\u00e9issance.&nbsp;&nbsp;<\/p>\n\n\n\n<p><strong>Aujourd\u2019hui l\u2019Etat a les moyens avec ses aides sociales de toutes sortes, de nous maintenir dans un confort relatif<\/strong>&nbsp;qui nous fait oublier le morcellement et l\u2019encadrement de notre libert\u00e9. Mais qu\u2019en sera-t-il demain quand l\u2019argent viendra \u00e0 manquer&nbsp;? Car ces jours viendront, \u00e0 n\u2019en pas douter. Quand au poids des difficult\u00e9s de la vie, s\u2019ajoutera la duret\u00e9 de traitement d\u2019une administration second\u00e9e par un armada de mesures polici\u00e8res, on comprendra trop tard que nous serons pass\u00e9 d\u2019une \u00ab&nbsp;d\u00e9mocratie lib\u00e9rale&nbsp;\u00bb \u00e0 un r\u00e9gime autoritaire. Agir aujourd\u2019hui pour retrouver et raviver sa conscience d\u2019homme libre est plus que n\u00e9cessaire. C\u2019est un devoir envers l\u2019humanit\u00e9 \u00e0 venir. Car le v\u00e9ritable souverain de ce monde n\u2019est pas (ou plut\u00f4t ne devrait pas \u00eatre) l\u2019Etat, mais l\u2019individu libre.<\/p>\n\n\n\n<p><strong>D\u2019autant que je doute que l\u2019Etat revienne r\u00e9ellement sur sa d\u00e9cision<\/strong>\u00a0de cr\u00e9er ce fichier.\u00a0\u00a0Il va multiplier les d\u00e9clarations, les rencontres, les consultations\u2026 bref, il va occuper les opposants et noyer le poisson. Pendant ce temps l\u00e0, il va r\u00e9fl\u00e9chir au moyen de faire passer la pilule \u00ab\u00a0avec plus de p\u00e9dagogie\u00a0\u00bb, pour reprendre les termes d\u2019un ancien premier ministre (entendez par l\u00e0, plus de d\u00e9magogie). Il maquillera la belle Edvige d\u2019un pompon fleuri, sorte de simili-organe de consultation et de recours pour le citoyen \u00ab\u00a0abus\u00e9\u00a0\u00bb,\u00a0\u00a0l\u2019affublera probablement d\u2019une \u00e9charpe aux couleurs de la R\u00e9publique et de la D\u00e9mocratie et le tour sera jou\u00e9. Surtout que le v\u00e9ritable commanditaire de ce fichier n\u2019est pas le Pr\u00e9sident (ne nous trompons pas de cible), mais l\u2019Administration qui poursuit silencieusement son travail de quadrillage syst\u00e9matique de la population (recoupement des fichiers des imp\u00f4ts, de la redevance et des services sociaux aujourd\u2019hui, tra\u00e7abilit\u00e9 du citoyen dans toutes ses d\u00e9marches demain\u2026). Raison de plus pour intensifier la lutte et rester vigilant sur tous ces domaines o\u00f9 la libert\u00e9 de conscience, de parole, de penser et d\u2019action est en jeu.<\/p>\n","protected":false},"excerpt":{"rendered":"<p>Un matin du mois d&#8217;ao\u00fbt. Je quitte mon domicile pour me rendre sur mon lieu de travail.&nbsp;La ville est encore calme, presque paisible.&nbsp;Les<\/p>\n","protected":false},"author":1,"featured_media":8180,"comment_status":"open","ping_status":"open","sticky":false,"template":"","format":"standard","meta":{"footnotes":""},"categories":[668],"tags":[490,195,488],"class_list":["post-8179","post","type-post","status-publish","format-standard","has-post-thumbnail","hentry","category-histoire","tag-etat","tag-loi","tag-police","two-columns"],"_links":{"self":[{"href":"https:\/\/ericdesneux.fr\/index.php?rest_route=\/wp\/v2\/posts\/8179","targetHints":{"allow":["GET"]}}],"collection":[{"href":"https:\/\/ericdesneux.fr\/index.php?rest_route=\/wp\/v2\/posts"}],"about":[{"href":"https:\/\/ericdesneux.fr\/index.php?rest_route=\/wp\/v2\/types\/post"}],"author":[{"embeddable":true,"href":"https:\/\/ericdesneux.fr\/index.php?rest_route=\/wp\/v2\/users\/1"}],"replies":[{"embeddable":true,"href":"https:\/\/ericdesneux.fr\/index.php?rest_route=%2Fwp%2Fv2%2Fcomments&post=8179"}],"version-history":[{"count":2,"href":"https:\/\/ericdesneux.fr\/index.php?rest_route=\/wp\/v2\/posts\/8179\/revisions"}],"predecessor-version":[{"id":8867,"href":"https:\/\/ericdesneux.fr\/index.php?rest_route=\/wp\/v2\/posts\/8179\/revisions\/8867"}],"wp:featuredmedia":[{"embeddable":true,"href":"https:\/\/ericdesneux.fr\/index.php?rest_route=\/wp\/v2\/media\/8180"}],"wp:attachment":[{"href":"https:\/\/ericdesneux.fr\/index.php?rest_route=%2Fwp%2Fv2%2Fmedia&parent=8179"}],"wp:term":[{"taxonomy":"category","embeddable":true,"href":"https:\/\/ericdesneux.fr\/index.php?rest_route=%2Fwp%2Fv2%2Fcategories&post=8179"},{"taxonomy":"post_tag","embeddable":true,"href":"https:\/\/ericdesneux.fr\/index.php?rest_route=%2Fwp%2Fv2%2Ftags&post=8179"}],"curies":[{"name":"wp","href":"https:\/\/api.w.org\/{rel}","templated":true}]}}