{"id":8176,"date":"2008-09-15T17:46:46","date_gmt":"2008-09-15T17:46:46","guid":{"rendered":"https:\/\/ericdesneux.fr\/?p=8176"},"modified":"2025-06-18T14:16:11","modified_gmt":"2025-06-18T13:16:11","slug":"edvige-ne-sait-pas-tout","status":"publish","type":"post","link":"https:\/\/ericdesneux.fr\/?p=8176","title":{"rendered":"Edvige ne sait pas tout"},"content":{"rendered":"\n<p>Cet article fut \u00e9crit en r\u00e9ponse \u00e0 la cr\u00e9ation du fichier EDVIGE par les forces de Police. Il poursuit ma r\u00e9flexion sur les menaces que vont peser sur les libert\u00e9s publiques, les d\u00e9rives polici\u00e8res de l&#8217;Etat.<\/p>\n\n\n\n<p><strong>Mais qu&#8217;est ce qu&#8217;ils vont bien pouvoir mettre dans leurs fiches ?<\/strong>\u00a0Est-ce qu&#8217;on peut r\u00e9duire un individu \u00e0 une liste de crit\u00e8res pr\u00e9d\u00e9finis comme on \u00e9num\u00e8re la liste des ingr\u00e9dients d&#8217;un aliment en bo\u00eete achet\u00e9 dans un supermarch\u00e9? Ca donnerait quoi? Essayons avec mon profil pour voir:<br><br><strong>&#8221; \u00c9ric D., occis-dental remin\u00e9ralis\u00e9, militant spirituel r\u00e9cidiviste <\/strong>(d\u00e9j\u00e0 deux \u00e9vasions \u00e0 son actif), chausse du 1m44 les samedis apr\u00e8s-midi (mes bottes de sept lieux pour rejoindre la Mission), boit du jus triphas\u00e9 (Bible, Coran, R\u00e9v\u00e9lation d&#8217;Ar\u00e8s), se creuse la couenne et remplit ses vides d&#8217;une coul\u00e9e lactique invisible\u00a0<em>(l&#8217;\u00e2me),<\/em>\u00a0youyoute chaque \u00e9t\u00e9 dans un village de p\u00e9cheurs (le p\u00e8lerinage), aide les vieilles mamies \u00e0 traverser les rues mais appelle ses cong\u00e9n\u00e8res \u00e0 se d\u00e9barrasser de leurs vieilles manies&#8230;&#8221; <br><br>Bon, je rigole, mais, \u00e0 coup s\u00fbr, les P\u00e8lerins d&#8217;Ar\u00e8s, dont je suis, sont d\u00e9j\u00e0 sur leur liste, affubl\u00e9s de tout un tas de commentaires erron\u00e9s, avec un rapport lointain avec la r\u00e9alit\u00e9, car quand je vois la difficult\u00e9 que j&#8217;ai moi-m\u00eame \u00e0 \u00e9crire un seul texte juste (juste dans le sens du vrai) pour parler de ma foi et de ce que je vis, quand je vois en plus qu&#8217;il me faut tenir compte du filtre mental de mon interlocuteur pour bien me faire comprendre, je me dis que cette logique polici\u00e8re de la mise en fiche est bel et bien une absurdit\u00e9, un d\u00e9fi lanc\u00e9 \u00e0 la raison et l&#8217;intelligibilit\u00e9.<br><br><strong>On ne peut pas mettre un individu ou m\u00eame sa foi en fiche.<\/strong>\u00a0On ne peut pas faire rentrer\u00a0<em>l&#8217;Amour<\/em>\u00a0dans des cases, pas plus que l&#8217;on ne peut r\u00e9duire un individu \u00e0 quelques crit\u00e8res.\u00a0 C&#8217;est comme vouloir saisir la flamme d&#8217;un feu, la cr\u00eate d&#8217;une vague ou le Vent qui les anime. La vie est mouvement et ce qu&#8217;il y a dans l&#8217;homme est aussi vaste et profond qu&#8217;un oc\u00e9an. La logique de l&#8217;\u00c9tat \u00e0 l&#8217;inverse est d&#8217;immobilisme et de r\u00e9tr\u00e9cissement. Elle \u00e9crase et fige l&#8217;homme ; elle ne tient compte ni de sa complexit\u00e9, de ses contradictions et encore moins de sa possibilit\u00e9 d&#8217;\u00e9voluer, de\u00a0<em>changer<\/em>. Elle l&#8217;enferme dans des cases qui en dit plus sur celui qui a cr\u00e9\u00e9 les cases que sur l&#8217;homme qu&#8217;elle est cens\u00e9e d\u00e9finir.<br><br><strong>Je comprends la n\u00e9cessit\u00e9 pour un \u00c9tat moderne dans le monde actuel, tr\u00e8s instable, de se pr\u00e9munir d&#8217;\u00e9ventuelles agressions et de rester vigilant,<\/strong>\u00a0mais les mesures qui sont en train d&#8217;\u00eatre prises, en plus de celles d\u00e9j\u00e0 existantes, comme la loi sur la manipulation mentale, le plan Vigipirate, etc., sont en train de pourvoir l&#8217;Etat de tout un armada de mesures et de moyens qui menacent jusqu&#8217;\u00e0 de simples citoyens sans histoire et le font ressembler de plus en plus \u00e0 un \u00c9tat policier inquisiteur. Si l&#8217;on n&#8217;y prend pas garde, on prend le risque de se r\u00e9veiller un jour dans une d\u00e9mocratie qui n&#8217;aura plus de &#8220;lib\u00e9rale&#8221; que le nom. Et il sera trop tard pour r\u00e9agir. <\/p>\n\n\n\n<p><strong>Ne nous croyons pas \u00e0 l&#8217;abri d&#8217;une telle menace, parce que &#8220;nous n&#8217;aurions rien \u00e0 nous reprocher&#8221; <\/strong>ou que en France, &#8220;la libert\u00e9 est bien gard\u00e9e&#8221;. L&#8217;histoire est l\u00e0 pour nous rappeler la fragilit\u00e9 de tous les acquis et que les grands tournants et les grandes crises ont toujours paru surprendre les foules, muettes, passives et l\u00e2ches. Faut-il rappeler pour cela que la grande crise de 1929 (pr\u00e9lude aux fascismes et \u00e0 la deuxi\u00e8me mondiale), a surgi en pleine \u00e9poque d&#8217;euphorie et d&#8217;insouciance, les &#8220;ann\u00e9es folles&#8221; alors m\u00eame que l&#8217;on pensait avoir d\u00e9j\u00e0 v\u00e9cu le pire (la guerre de 14-18 commun\u00e9ment appel\u00e9 la grande boucherie ou &#8220;la der-des-der&#8221;, pour derni\u00e8re des derni\u00e8res) ? L&#8217;Histoire, force passive qui git en chacun de nous, peut toujours resurgir. <\/p>\n","protected":false},"excerpt":{"rendered":"<p>Cet article fut \u00e9crit en r\u00e9ponse \u00e0 la cr\u00e9ation du fichier EDVIGE par les forces de Police. Il poursuit ma r\u00e9flexion sur les<\/p>\n","protected":false},"author":1,"featured_media":8177,"comment_status":"open","ping_status":"open","sticky":false,"template":"","format":"standard","meta":{"footnotes":""},"categories":[668],"tags":[485,486,487],"class_list":["post-8176","post","type-post","status-publish","format-standard","has-post-thumbnail","hentry","category-histoire","tag-edvige","tag-fichage","tag-liberticide","two-columns"],"_links":{"self":[{"href":"https:\/\/ericdesneux.fr\/index.php?rest_route=\/wp\/v2\/posts\/8176","targetHints":{"allow":["GET"]}}],"collection":[{"href":"https:\/\/ericdesneux.fr\/index.php?rest_route=\/wp\/v2\/posts"}],"about":[{"href":"https:\/\/ericdesneux.fr\/index.php?rest_route=\/wp\/v2\/types\/post"}],"author":[{"embeddable":true,"href":"https:\/\/ericdesneux.fr\/index.php?rest_route=\/wp\/v2\/users\/1"}],"replies":[{"embeddable":true,"href":"https:\/\/ericdesneux.fr\/index.php?rest_route=%2Fwp%2Fv2%2Fcomments&post=8176"}],"version-history":[{"count":9,"href":"https:\/\/ericdesneux.fr\/index.php?rest_route=\/wp\/v2\/posts\/8176\/revisions"}],"predecessor-version":[{"id":10605,"href":"https:\/\/ericdesneux.fr\/index.php?rest_route=\/wp\/v2\/posts\/8176\/revisions\/10605"}],"wp:featuredmedia":[{"embeddable":true,"href":"https:\/\/ericdesneux.fr\/index.php?rest_route=\/wp\/v2\/media\/8177"}],"wp:attachment":[{"href":"https:\/\/ericdesneux.fr\/index.php?rest_route=%2Fwp%2Fv2%2Fmedia&parent=8176"}],"wp:term":[{"taxonomy":"category","embeddable":true,"href":"https:\/\/ericdesneux.fr\/index.php?rest_route=%2Fwp%2Fv2%2Fcategories&post=8176"},{"taxonomy":"post_tag","embeddable":true,"href":"https:\/\/ericdesneux.fr\/index.php?rest_route=%2Fwp%2Fv2%2Ftags&post=8176"}],"curies":[{"name":"wp","href":"https:\/\/api.w.org\/{rel}","templated":true}]}}