{"id":4318,"date":"2015-08-14T16:36:18","date_gmt":"2015-08-14T15:36:18","guid":{"rendered":"https:\/\/ericdesneux.fr\/?p=4318"},"modified":"2024-08-22T07:30:49","modified_gmt":"2024-08-22T06:30:49","slug":"ciel-dorage","status":"publish","type":"post","link":"https:\/\/ericdesneux.fr\/?p=4318","title":{"rendered":"Ciel d&#8217;orage"},"content":{"rendered":"<p><img decoding=\"async\" class=\"aligncenter size-full\" src=\"http:\/\/e.desneux.free.fr\/wp-content\/uploads\/2015\/08\/sousleau.jpg\" alt=\"\" \/><strong>J&#8217;ai lu <a href=\"http:\/\/freesoulblog.net\/jPG\/jPGtv.html\" target=\"_blank\" rel=\"noopener\">la nouvelle entr\u00e9e<\/a> du blog de Michel Potay<\/strong>\u00a0et je baigne encore dans l&#8217;eau profonde de ses pens\u00e9es. Je remonte lentement \u00e0 la surface.<\/p>\n<p><strong>Cet article \u00e9voque <em>le Noir<\/em> <em>(R\u00e9v d\u2019Ar\u00e8s xviii\/1-13, xxviii\/12-20) <\/em>du monde et <em>le Noir <\/em>de l&#8217;homme <\/strong>et montre \u00e0 quel point les deux sont corr\u00e9l\u00e9s. &#8220;Mon <em>Noir<\/em> et le grand <em>Noir<\/em> du monde, c&#8217;est pareil&#8221; nous dit-il dans un vibrant appel \u00e0 revenir vers <em>le Blanc (xLv\/25), le Bien,<\/em> si l&#8217;on veut \u00e9viter \u00e0 l&#8217;humanit\u00e9 de se perdre et de sombrer d\u00e9finitivement dans les t\u00e9n\u00e8bres sans espoir de retour.<\/p>\n<p><strong>L\u00e0 ou je r\u00e9side pour mes vacances, le ciel est gris et charg\u00e9 d&#8217;un orage qui gronde dans le lointain,<\/strong> l&#8217;air est poisseux et lourd. Autours de moi tout le monde semble vivre au ralenti. Mon p\u00e8re \u00e9gr\u00e8ne doucement ses arp\u00e8ges \u00e0 la guitare comme un m\u00e9tronome, mon fils de 17 ans plong\u00e9 dans sa lecture du moment tente de d\u00e9chiffrer les rudiments de la physique quantique, ma fille est sur YouTube, elle regarde un film dr\u00f4le. C&#8217;est peut-\u00eatre la seule \u00e0 \u00e9chapper \u00e0 cette curieuse torpeur. Son rire qui cl\u00f4t le film me sort de ma r\u00eaverie et ach\u00e8ve de me ramener aux r\u00e9alit\u00e9s. Au dehors, le vent s&#8217;est lev\u00e9 soudainement, la pluie qui mena\u00e7ait s&#8217;approche et tout le monde s&#8217;est lev\u00e9 pour ranger ses affaires.<\/p>\n<p><strong>Quel rapport me direz-vous, entre la description de cette sc\u00e8ne familiale<\/strong> et <em>Le Noir<\/em> de l&#8217;homme et du monde, le mal en fait, pr\u00e9sent en chacun de nous ? Il est d&#8217;abord dans le lien qui m&#8217;unit \u00e0 ma famille qui me rappelle chaque jour que je suis li\u00e9 \u00e0 toute l&#8217;humanit\u00e9 pass\u00e9e, pr\u00e9sente et \u00e0 venir.\u00a0 A chaque pas j&#8217;ai conscience d&#8217;entrainer avec moi mes proches, et de proche en proche, toute l&#8217;humanit\u00e9. En lisant cette entr\u00e9e, je suis revenu en pens\u00e9e sur l&#8217;enseignement donn\u00e9 \u00e0 Paris par le fr\u00e8re Michel entre 1995 et 1997 au cours duquel il nous rappelait inlassablement que nous \u00e9tions <em>la chair de la chair<\/em> de toute l&#8217;humanit\u00e9. J&#8217;ai rev\u00e9cu ces moments comme si j&#8217;y \u00e9tais ou presque. C&#8217;est ma m\u00e9moire que j&#8217;ai revisit\u00e9e mais ma m\u00e9moire s&#8217;est faite chair et le sang qui court dans mes veines bouillonne encore de la joie qu&#8217;il a eu \u00e0 se trouver expos\u00e9 \u00e0 cette Lumi\u00e8re. En repensant activement \u00e0 ces moments de partage intense v\u00e9cus au milieu des ann\u00e9es 90, j&#8217;ai comme r\u00e9activ\u00e9 cette Lumi\u00e8re dans ma chair et j&#8217;ai senti comme des milliers de petits points lumineux me percer la peau. M&#8217;est revenu alors cette phrase de Paul Valery &#8220;Ce qu&#8217;il y a de plus profond dans l&#8217;homme, c&#8217;est la peau&#8221;, lu dans un recueil de citations ce matin m\u00eame et qui m&#8217;avait paru \u00e0 la fois vraie et \u00e9nigmatique. Je la comprends mieux maintenant.<\/p>\n<p><strong><em>Le Noir<\/em> creuse l&#8217;espace (\u00e0 commencer par ma propre chair) et en aspire la Lumi\u00e8re et la Vie.<\/strong> A l&#8217;inverse, le Bien la fait s\u2019\u00e9tendre et se d\u00e9ployer (s&#8217;\u00e9taler devrais-je dire pour reprendre un mot du Livre) comme <em>un Souffle<\/em> sur<em> les Eaux<\/em>. Et moi simple mortel, je peux me faire voile (R\u00e9v. d&#8217;Ar\u00e8s 17\/4) pour parcourir l&#8217;Univers port\u00e9 par ce Souffle et rejoindre la flotte c\u00e9leste (17\/4). Cette &#8220;profonde empreinte g\u00e9n\u00e9tique&#8221;, <em>l&#8217;Image<\/em> de Dieu dans l&#8217;homme, je pourrais presque la sentir au toucher. Elle s&#8217;\u00e9panouit en nous comme les p\u00e9tales fragiles d&#8217;une fleur port\u00e9s et nourris par ses racines, tiges et feuilles et ondule dans le Vent secou\u00e9 par les milliards de bras lumineux du soleil.<\/p>\n<p><strong>La pluie qui mena\u00e7ait est tomb\u00e9e drue et a pass\u00e9e.<\/strong> Je vois d\u00e9sormais par ma fen\u00eatre, le ciel lentement se d\u00e9gager. Des filets de lumi\u00e8re d\u00e9chirent la masse nuageuse et la disperse. Bient\u00f4t des \u00e9clats de ciel bleu signeront le retour du beau temps, je laisserai mon clavier et j&#8217;irai humer dans la garrigue les fortes odeurs de thym et de romarin qui ach\u00e8veront de me ramener \u00e0 la terre. Avant de partir, je veux \u00e9crire aussi ceci.<\/p>\n<p><strong>Ce <em>Noir<\/em> qui nous habite tous ne me semble pas nous relier pour autant. Il nous divise et nous coupe les uns des autres.<\/strong> Il lib\u00e8re en nous les forces chaotiques de dislocation et j&#8217;ai comme la sensation qu&#8217;il alourdit sa propre masse qu&#8217;il isole jusqu&#8217;\u00e0 l\u2019emp\u00eacher de se mouvoir. Alors je me demande, jusqu&#8217;o\u00f9 les hommes poursuivront-ils cette folie qui an\u00e9antira jusqu&#8217;\u00e0 leur propre qu\u00eate de possession et domination mat\u00e9rielles ? Cette g\u00e9n\u00e9ration <em>&#8220;sait lire les signes du temps (en \u00e9tant capable de pr\u00e9dire la venue d&#8217;un orage) mais elle ne sait pas lire les signes des Temps&#8221; (Matthieu 16-3).<\/em> Il est temps que dans le c\u0153ur des hommes r\u00e9sonne enfin l&#8217;Appel que la Vie leur lance des Cieux. Qu&#8217;ils l&#8217;entendent au moins comme l&#8217;\u00e9cho du tonnerre !<\/p>\n","protected":false},"excerpt":{"rendered":"<p>J&#8217;ai lu la nouvelle entr\u00e9e du blog de Michel Potay\u00a0et je baigne encore dans l&#8217;eau profonde de ses pens\u00e9es. Je remonte lentement \u00e0<\/p>\n","protected":false},"author":1,"featured_media":7434,"comment_status":"open","ping_status":"closed","sticky":false,"template":"","format":"standard","meta":{"footnotes":""},"categories":[654],"tags":[302,350,60],"class_list":["post-4318","post","type-post","status-publish","format-standard","has-post-thumbnail","hentry","category-pensees","tag-changer","tag-experance","tag-monde","two-columns"],"_links":{"self":[{"href":"https:\/\/ericdesneux.fr\/index.php?rest_route=\/wp\/v2\/posts\/4318","targetHints":{"allow":["GET"]}}],"collection":[{"href":"https:\/\/ericdesneux.fr\/index.php?rest_route=\/wp\/v2\/posts"}],"about":[{"href":"https:\/\/ericdesneux.fr\/index.php?rest_route=\/wp\/v2\/types\/post"}],"author":[{"embeddable":true,"href":"https:\/\/ericdesneux.fr\/index.php?rest_route=\/wp\/v2\/users\/1"}],"replies":[{"embeddable":true,"href":"https:\/\/ericdesneux.fr\/index.php?rest_route=%2Fwp%2Fv2%2Fcomments&post=4318"}],"version-history":[{"count":11,"href":"https:\/\/ericdesneux.fr\/index.php?rest_route=\/wp\/v2\/posts\/4318\/revisions"}],"predecessor-version":[{"id":17364,"href":"https:\/\/ericdesneux.fr\/index.php?rest_route=\/wp\/v2\/posts\/4318\/revisions\/17364"}],"wp:featuredmedia":[{"embeddable":true,"href":"https:\/\/ericdesneux.fr\/index.php?rest_route=\/wp\/v2\/media\/7434"}],"wp:attachment":[{"href":"https:\/\/ericdesneux.fr\/index.php?rest_route=%2Fwp%2Fv2%2Fmedia&parent=4318"}],"wp:term":[{"taxonomy":"category","embeddable":true,"href":"https:\/\/ericdesneux.fr\/index.php?rest_route=%2Fwp%2Fv2%2Fcategories&post=4318"},{"taxonomy":"post_tag","embeddable":true,"href":"https:\/\/ericdesneux.fr\/index.php?rest_route=%2Fwp%2Fv2%2Ftags&post=4318"}],"curies":[{"name":"wp","href":"https:\/\/api.w.org\/{rel}","templated":true}]}}