{"id":4292,"date":"2015-08-16T13:12:08","date_gmt":"2015-08-16T12:12:08","guid":{"rendered":"https:\/\/ericdesneux.fr\/?p=4292"},"modified":"2024-08-22T06:44:56","modified_gmt":"2024-08-22T05:44:56","slug":"retour-aux-realites","status":"publish","type":"post","link":"https:\/\/ericdesneux.fr\/?p=4292","title":{"rendered":"Retour aux r\u00e9alit\u00e9s"},"content":{"rendered":"<p><img decoding=\"async\" class=\"aligncenter size-full wp-image-4301\" src=\"http:\/\/e.desneux.free.fr\/wp-content\/uploads\/2015\/08\/orage3.jpg\" alt=\"\" \/><strong style=\"font-size: revert;\">Dans les m\u00e9dias dits &#8220;s\u00e9rieux&#8221; de quoi parle t-on ces jours-ci ?<\/strong><span style=\"font-size: revert;\"> De la France et son \u00e9conomie en berne incapable de solutionner le ch\u00f4mage, de la Gr\u00e8ce \u00e0 nouveau dans l&#8217;impasse politique et financi\u00e8re et du risque syst\u00e9mique que sa situation entraine en Europe, de la Chine contrainte de d\u00e9valuer sa monnaie pour enrayer sa baisse de croissance et des risques qu&#8217;un ralentissement de son \u00e9conomie fait peser sur l&#8217;\u00e9conomie mondiale, des violences polici\u00e8res aux USA \u00e0 l&#8217;\u00e9gard des Noirs qui perp\u00e9tuent la s\u00e9gr\u00e9gation raciale dans le pays le plus riche de la plan\u00e8te, de l&#8217;emploi par Daesh de l&#8217;arme chimique contre les Kurdes et de la catastrophe humanitaire qu&#8217;entraine la folie guerri\u00e8re de ces hommes, de tous ces migrants qui fuient par centaines de mille les conflits au Moyen Orient, en Afrique,&#8230; bref de quoi se demander comment le monde tourne encore et quel avenir se pr\u00e9pare l&#8217;humanit\u00e9.<br \/><\/span><br \/><strong>A dire vrai, il s&#8217;en faudrait de peu que je ne c\u00e8de au d\u00e9faitisme<\/strong> ou \u00e0 l&#8217;alarmisme ambiant. Car chacune de ces informations nous parle d&#8217;un monde qui devient chaque jour plus complexe, plus instable et plus impr\u00e9visible, d&#8217;autant plus difficile \u00e0 comprendre et \u00e0 maitriser que le nombre des individus sur la terre augmente sans cesse : plus de 7 milliards aujourd&#8217;hui, pr\u00e8s de 10 milliards \u00e0 l&#8217;horizon 2050 ! Et avec l&#8217;augmentation du nombre d&#8217;hommes et de femmes, l&#8217;augmentation du nombre de probl\u00e8mes et conflits potentiels insolubles par les seules voies de la force polici\u00e8re, des lois et de l&#8217;intellect. La propagation du mal n&#8217;est pas un des moindres probl\u00e8mes pos\u00e9s par l&#8217;accroissement de la d\u00e9mographie.<\/p>\n<p><strong>Quelle solution pour l&#8217;humanit\u00e9 si elle ne veut pas finir broy\u00e9e <\/strong> par les contradictions et les probl\u00e8mes qu&#8217;elle a engendr\u00e9s ? Elle est de retrouver une part de cette intelligence qu&#8217;elle a compl\u00e8tement enfouie et oubli\u00e9e : son <em>intelligence<\/em> spirituelle <em>(R\u00e9v\u00e9lation d&#8217;Ar\u00e8s 32\/5)<\/em>, l&#8217;intelligence du c\u0153ur, devenue <em>un faible lumignon<\/em>\u00a0et qui menace de s&#8217;\u00e9teindre si l&#8217;homme ne revient pas r\u00e9solument vers le Bien. L&#8217;homme a vaincu la pesanteur, le feu, le froid, la distance,&#8230; il con\u00e7oit et fabrique par milliers des machines qui le secondent dans ses t\u00e2ches quotidiennes (vie domestique, travail, d\u00e9placements,&#8230;), il a b\u00e2ti des syst\u00e8mes et des organisations pour contr\u00f4ler toutes ses activit\u00e9s mais il reste globalement incapable de maitriser les impulsions de son c\u0153ur, de penser et parler libre de tous pr\u00e9jug\u00e9s et peurs, de penser autant aux autres qu&#8217;\u00e0 lui m\u00eame, d&#8217;imaginer et de cr\u00e9er un monde sans chefs, ni domination, ni pouvoirs.<\/p>\n<p><strong>A n&#8217;en pas douter, les d\u00e9cennies \u00e0 venir s&#8217;annoncent difficiles,<\/strong> travers\u00e9es de nombreux soubresauts \u00e9conomiques, politiques, sociaux. Les signes d&#8217;une grave crise sont d\u00e9j\u00e0 l\u00e0. Mais le plus \u00e0 craindre ce ne sont pas tant les difficult\u00e9s mat\u00e9rielles que les r\u00e9sonances qu&#8217;elles auront sur le plan spirituel. Car apr\u00e8s avoir cherch\u00e9 la r\u00e9ponse \u00e0 ses probl\u00e8mes dans la magie, la religion, la politique, l&#8217;industrie, la science&#8230;bref apr\u00e8s avoir \u00e9puis\u00e9 vainement toutes les ressources de son intelligence intellectuelle, l&#8217;humanit\u00e9 se retrouvera face \u00e0 une \u00e9nigme : en qui ou quoi croire ?\u00a0 Que faire, quelle voie suivre pour simplement vivre heureux sur cette terre ? La d\u00e9sesp\u00e9rance et le doute la guettera jusqu&#8217;\u00e0 an\u00e9antir tout espoir d&#8217;un autre monde possible. Tout espoir de vaincre le mal et ses manifestations, mis\u00e8re, malheur et mort s&#8217;\u00e9teindra jusqu&#8217;\u00e0 l&#8217;extinction du <em>nerf dans la t\u00eate, <\/em>de <em>l&#8217;Image<\/em> de Dieu dans l&#8217;homme.<\/p>\n<p><strong>Cette r\u00e9alit\u00e9 est d\u00e9j\u00e0 peu ou prou celle des m\u00e9dia qui dramatisent \u00e0 l&#8217;exc\u00e8s toute nouvelle,<\/strong> alternent entre le r\u00eave et le cauchemar, mais cachent soigneusement \u00e0 l&#8217;homme les possibilit\u00e9s qui sommeillent en lui. Car un autre sc\u00e9nario est possible : au sein m\u00eame de ce monde en crise, la lente \u00e9mergence de qualit\u00e9s et attitudes spirituelles par <em>un petit reste <\/em>d&#8217;hommes convaincus que le mal n&#8217;est pas une fatalit\u00e9 mais un \u00e9tat qu&#8217;il faut combattre et changer. Apprendre \u00e0 dialoguer avec son ennemi pour enrayer les guerres, \u00e0 pardonner pour faire la paix, \u00e0 partager pour vaincre la mis\u00e8re, \u00e0 remplacer le besoin d&#8217;avoir par le besoin de ne pas avoir pour vaincre l&#8217;avidit\u00e9, \u00e0 d\u00e9passer ses pr\u00e9jug\u00e9s pour se lib\u00e9rer de ce qui emprisonne la pens\u00e9e, \u00e0 regarder tout homme comme un autre soi-m\u00eame&#8230;. Apprendre \u00e0 vaincre sa peur de manquer, de souffrir ou m\u00eame de mourir, sur quoi s&#8217;assoit et se d\u00e9veloppe tout pouvoir qui a besoin d&#8217;hommes faibles pour dominer.<\/p>\n<p><strong>Mais pour cela besoin de se passer des vieilles repr\u00e9sentations du monde.<\/strong> Besoin de voir en l&#8217;homme autre chose qu&#8217;un animal pensant \u00e0 l&#8217;horizon de vie limit\u00e9. Besoin de parier sur la vie spirituelle, qui est loin d&#8217;\u00eatre un fantasme, une vue de l&#8217;esprit ou une inclination des sentiments, mais une vraie <em>Vie<\/em>, charg\u00e9e d&#8217;\u00e9nergie, de force et de <em>Lumi\u00e8re<\/em>, faite pour se m\u00ealer aux \u00e9nergies, forces et lumi\u00e8res de la terre, une <em>Vie<\/em> engendr\u00e9e par l&#8217;homme bon. Car c&#8217;est cela (potentiellement) l&#8217;homme : un \u00eatre-pont, un cr\u00e9ateur unique dans l&#8217;univers, un assembleur de forces mat\u00e9rielles et spirituelles, un \u00eatre capable d&#8217;engendrer des mondes extr\u00eamement riches et divers, ce que ne sera jamais un castor, une abeille ou une fourmili\u00e8re, si belles et \u00e9tonnantes soient leurs r\u00e9alisations, qui sont soumis aux <em>lois de leurs esp\u00e8ces<\/em>.<\/p>\n\n\n<p><\/p>\n","protected":false},"excerpt":{"rendered":"<p>Dans les m\u00e9dias dits &#8220;s\u00e9rieux&#8221; de quoi parle t-on ces jours-ci ? De la France et son \u00e9conomie en berne incapable de solutionner<\/p>\n","protected":false},"author":1,"featured_media":6235,"comment_status":"open","ping_status":"closed","sticky":false,"template":"","format":"standard","meta":{"footnotes":""},"categories":[668],"tags":[340,341,324,60],"class_list":["post-4292","post","type-post","status-publish","format-standard","has-post-thumbnail","hentry","category-histoire","tag-conflits","tag-crise","tag-medias","tag-monde","two-columns"],"_links":{"self":[{"href":"https:\/\/ericdesneux.fr\/index.php?rest_route=\/wp\/v2\/posts\/4292","targetHints":{"allow":["GET"]}}],"collection":[{"href":"https:\/\/ericdesneux.fr\/index.php?rest_route=\/wp\/v2\/posts"}],"about":[{"href":"https:\/\/ericdesneux.fr\/index.php?rest_route=\/wp\/v2\/types\/post"}],"author":[{"embeddable":true,"href":"https:\/\/ericdesneux.fr\/index.php?rest_route=\/wp\/v2\/users\/1"}],"replies":[{"embeddable":true,"href":"https:\/\/ericdesneux.fr\/index.php?rest_route=%2Fwp%2Fv2%2Fcomments&post=4292"}],"version-history":[{"count":11,"href":"https:\/\/ericdesneux.fr\/index.php?rest_route=\/wp\/v2\/posts\/4292\/revisions"}],"predecessor-version":[{"id":8977,"href":"https:\/\/ericdesneux.fr\/index.php?rest_route=\/wp\/v2\/posts\/4292\/revisions\/8977"}],"wp:featuredmedia":[{"embeddable":true,"href":"https:\/\/ericdesneux.fr\/index.php?rest_route=\/wp\/v2\/media\/6235"}],"wp:attachment":[{"href":"https:\/\/ericdesneux.fr\/index.php?rest_route=%2Fwp%2Fv2%2Fmedia&parent=4292"}],"wp:term":[{"taxonomy":"category","embeddable":true,"href":"https:\/\/ericdesneux.fr\/index.php?rest_route=%2Fwp%2Fv2%2Fcategories&post=4292"},{"taxonomy":"post_tag","embeddable":true,"href":"https:\/\/ericdesneux.fr\/index.php?rest_route=%2Fwp%2Fv2%2Ftags&post=4292"}],"curies":[{"name":"wp","href":"https:\/\/api.w.org\/{rel}","templated":true}]}}