{"id":3396,"date":"2009-01-24T22:15:14","date_gmt":"2009-01-24T21:15:14","guid":{"rendered":"https:\/\/ericdesneux.fr\/?p=3396"},"modified":"2024-08-06T20:53:03","modified_gmt":"2024-08-06T19:53:03","slug":"tichy-a-beaubourg","status":"publish","type":"post","link":"https:\/\/ericdesneux.fr\/?p=3396","title":{"rendered":"Tichy \u00e0 Beaubourg : &#8220;proph\u00e8te du d\u00e9labrement et pionnier du chaos&#8221;"},"content":{"rendered":"<img loading=\"lazy\" decoding=\"async\" class=\"alignnone  wp-image-6512 aligncenter\" src=\"https:\/\/ericdesneux.fr\/wp-content\/uploads\/2024\/01\/tichy00.jpg\" alt=\"\" width=\"449\" height=\"337\" \/>\n<p style=\"text-align: left;\"><strong>Miroslav Tichy est photographe. Son obsession : la figure f\u00e9minine<\/strong>, mais ce n&#8217;est pas ce qui m&#8217;a pouss\u00e9 \u00e0 \u00e9crire cette page. Ce sont sa d\u00e9marche, ses outils et ce qui se d\u00e9gage de ses photos.<\/p>\n<p style=\"text-align: left;\"><strong>Miroslav travaille avec des appareils qu&#8217;il a lui m\u00eame confectionn\u00e9s<\/strong> \u00e0 partir de mat\u00e9riaux de rebuts : vieilles canettes et boites de conserve, tubes en fer, bouts de cartons, bobines de fil, optiques usag\u00e9s&#8230; le tout assembl\u00e9s avec des lambeaux de tissus, des \u00e9lastiques rong\u00e9s et des bouts de fer tordus. Et \u00e7a marche ! Les images qu&#8217;il obtient tiennent en quelque sorte du miracle. C&#8217;est ce qui surprend au premier regard : le fait m\u00eame qu&#8217;elles existent et qu&#8217;elles nous soient parvenues.<\/p>\n<p style=\"text-align: left;\"><strong>Flous, surexpos\u00e9s, tach\u00e9s, griff\u00e9s, crayonn\u00e9s, d\u00e9chir\u00e9s, coll\u00e9s sur de vieux bouts de papier,<\/strong> ses tirages donnent l&#8217;impression d&#8217;avoir \u00e9t\u00e9 trouv\u00e9s au fond d&#8217;une poubelle ou r\u00e9cup\u00e9r\u00e9s par terre, et c&#8217;est le cas. Miroslav Tichy traite ses photos avec d\u00e9sinvolture. Son atelier (qui est aussi sa maison) ressemble \u00e0 s&#8217;y m\u00e9prendre \u00e0 un taudis de vieil ermite o\u00f9 tout s&#8217;accumule p\u00eale-m\u00eale sans ordre. Il d\u00e9veloppe ses pellicules dans un sceau, laisse ses clich\u00e9s trainer par terre, s&#8217;en sert pour caler une table bancale, avant de les retoucher d&#8217;un coup de crayon pour rehausser ici une forme, l\u00e0 un contours impr\u00e9cis.<\/p>\n<p style=\"text-align: left;\"><strong>C&#8217;est la force de sa d\u00e9marche : son absence de soucis &#8220;esth\u00e9tique&#8221;<\/strong> n&#8217;emp\u00eachent pas une certaine beaut\u00e9 d&#8217;impr\u00e9gner ses clich\u00e9s et d&#8217;irradier. Je me demande m\u00eame jusqu&#8217;o\u00f9 cette beaut\u00e9 ne nait pas de tous ces &#8220;d\u00e9fauts&#8221; cumul\u00e9s et du refus d\u00e9lib\u00e9r\u00e9 de &#8220;faire art&#8221;. Le regard, d&#8217;abord, g\u00ean\u00e9 par les scories qui habitent l&#8217;image, finit par se concentrer sur les gouttes et les \u00e9clats de lumi\u00e8re. Peu \u00e0 peu se dessine une forme ondoyante et chaleureuse qui vient caresser les pens\u00e9es. Chacune de ses photos nait ainsi, lentement et se met \u00e0 vivre comme une apparition. Fugace, fragile.<\/p>\n<p style=\"text-align: left;\"><strong>En le voyant parler avec malice dans la vid\u00e9o qui le pr\u00e9sentait<\/strong> cependant, je me suis dit que le vieux bougre n&#8217;\u00e9tait pas aussi candide et ignorant des choses de l&#8217;art qu&#8217;il en avait l&#8217;air. Sa biographie pr\u00e9cise qu&#8217;il a \u00e9tudi\u00e9 la peinture \u00e0 l&#8217;Acad\u00e9mie des Beaux-Arts de Prague (il a grandi dans l&#8217;ex-Tch\u00e9coslovaquie au temps du communisme) et il a construit sciemment sa d\u00e9marche. Sa posture est peut-\u00eatre celle d&#8217;un esprit rev\u00eache qui a voulu se d\u00e9marquer de l&#8217;art officiel de son temps pour mieux se donner une chance d&#8217;\u00eatre reconnu un jour, elle n&#8217;en est pas moins authentique.<\/p>\n<p style=\"text-align: left;\"><strong>Miroslav Tichy se d\u00e9clare lui m\u00eame &#8220;proph\u00e8te du d\u00e9labrement et (un) pionnier du chaos&#8221;<\/strong>. Que son \u0153uvre suscite aujourd&#8217;hui l&#8217;int\u00e9r\u00eat, t\u00e9moigne \u00e0 mon sens d&#8217;un certain retour du &#8220;sensible&#8221; dans l&#8217;art et accompagne ce vaste mouvement de remise en cause des syst\u00e8mes et de leur m\u00e9canique id\u00e9ologique. Surtout, dans notre monde envahit par le soucis de la norme et de la perfection technologique, le travail de Miroslav Tichy nous rappelle que l&#8217;on peut cr\u00e9er avec peu et que la beaut\u00e9 d&#8217;une \u0153uvre \u00e9chappe \u00e0 notre entendement.<\/p>\n\n<div class=\"wp-block-responsive-lightbox-gallery\"><div class=\"rl-gallery-container rl-loading\" id=\"rl-gallery-container-1\" data-gallery_id=\"6749\"> <div class=\"rl-gallery rl-basicgrid-gallery \" id=\"rl-gallery-1\" data-gallery_no=\"1\"> <div class=\"rl-gallery-item\"><a href=\"https:\/\/ericdesneux.fr\/wp-content\/uploads\/2024\/01\/tichy14.jpg\" title=\"\" data-rl_title=\"\" class=\"rl-gallery-link\" data-rl_caption=\"\" data-rel=\"lightbox-gallery-1\"><img loading=\"lazy\" decoding=\"async\" src=\"https:\/\/ericdesneux.fr\/wp-content\/uploads\/2024\/01\/tichy14.jpg\" width=\"240\" height=\"180\" alt=\"\"\/><\/a><\/div><div class=\"rl-gallery-item\"><a href=\"https:\/\/ericdesneux.fr\/wp-content\/uploads\/2024\/01\/tichy00.jpg\" title=\"\" data-rl_title=\"\" class=\"rl-gallery-link\" data-rl_caption=\"\" data-rel=\"lightbox-gallery-1\"><img loading=\"lazy\" decoding=\"async\" src=\"https:\/\/ericdesneux.fr\/wp-content\/uploads\/2024\/01\/tichy00.jpg\" width=\"240\" height=\"180\" alt=\"\"\/><\/a><\/div><div class=\"rl-gallery-item\"><a href=\"https:\/\/ericdesneux.fr\/wp-content\/uploads\/2024\/01\/tichy03.jpg\" title=\"\" data-rl_title=\"\" class=\"rl-gallery-link\" data-rl_caption=\"\" data-rel=\"lightbox-gallery-1\"><img loading=\"lazy\" decoding=\"async\" src=\"https:\/\/ericdesneux.fr\/wp-content\/uploads\/2024\/01\/tichy03.jpg\" width=\"240\" height=\"180\" alt=\"\"\/><\/a><\/div><div class=\"rl-gallery-item\"><a href=\"https:\/\/ericdesneux.fr\/wp-content\/uploads\/2024\/01\/tichy07.jpg\" title=\"\" data-rl_title=\"\" class=\"rl-gallery-link\" data-rl_caption=\"\" data-rel=\"lightbox-gallery-1\"><img loading=\"lazy\" decoding=\"async\" src=\"https:\/\/ericdesneux.fr\/wp-content\/uploads\/2024\/01\/tichy07.jpg\" width=\"240\" height=\"180\" alt=\"\"\/><\/a><\/div><div class=\"rl-gallery-item\"><a href=\"https:\/\/ericdesneux.fr\/wp-content\/uploads\/2024\/01\/tichy12.jpg\" title=\"\" data-rl_title=\"\" class=\"rl-gallery-link\" data-rl_caption=\"\" data-rel=\"lightbox-gallery-1\"><img loading=\"lazy\" decoding=\"async\" src=\"https:\/\/ericdesneux.fr\/wp-content\/uploads\/2024\/01\/tichy12.jpg\" width=\"240\" height=\"180\" alt=\"\"\/><\/a><\/div><div class=\"rl-gallery-item\"><a href=\"https:\/\/ericdesneux.fr\/wp-content\/uploads\/2024\/01\/tichy10.jpg\" title=\"\" data-rl_title=\"\" class=\"rl-gallery-link\" data-rl_caption=\"\" data-rel=\"lightbox-gallery-1\"><img loading=\"lazy\" decoding=\"async\" src=\"https:\/\/ericdesneux.fr\/wp-content\/uploads\/2024\/01\/tichy10.jpg\" width=\"240\" height=\"180\" alt=\"\"\/><\/a><\/div><div class=\"rl-gallery-item\"><a href=\"https:\/\/ericdesneux.fr\/wp-content\/uploads\/2024\/01\/tichy09.jpg\" title=\"\" data-rl_title=\"\" class=\"rl-gallery-link\" data-rl_caption=\"\" data-rel=\"lightbox-gallery-1\"><img loading=\"lazy\" decoding=\"async\" src=\"https:\/\/ericdesneux.fr\/wp-content\/uploads\/2024\/01\/tichy09.jpg\" width=\"240\" height=\"180\" alt=\"\"\/><\/a><\/div><div class=\"rl-gallery-item\"><a href=\"https:\/\/ericdesneux.fr\/wp-content\/uploads\/2024\/01\/tichy02.jpg\" title=\"\" data-rl_title=\"\" class=\"rl-gallery-link\" data-rl_caption=\"\" data-rel=\"lightbox-gallery-1\"><img loading=\"lazy\" decoding=\"async\" src=\"https:\/\/ericdesneux.fr\/wp-content\/uploads\/2024\/01\/tichy02.jpg\" width=\"240\" height=\"180\" alt=\"\"\/><\/a><\/div><div class=\"rl-gallery-item\"><a href=\"https:\/\/ericdesneux.fr\/wp-content\/uploads\/2024\/01\/tichy13.jpg\" title=\"\" data-rl_title=\"\" class=\"rl-gallery-link\" data-rl_caption=\"\" data-rel=\"lightbox-gallery-1\"><img loading=\"lazy\" decoding=\"async\" src=\"https:\/\/ericdesneux.fr\/wp-content\/uploads\/2024\/01\/tichy13.jpg\" width=\"240\" height=\"180\" alt=\"\"\/><\/a><\/div><div class=\"rl-gallery-item\"><a href=\"https:\/\/ericdesneux.fr\/wp-content\/uploads\/2024\/01\/tichy06.jpg\" title=\"\" data-rl_title=\"\" class=\"rl-gallery-link\" data-rl_caption=\"\" data-rel=\"lightbox-gallery-1\"><img loading=\"lazy\" decoding=\"async\" src=\"https:\/\/ericdesneux.fr\/wp-content\/uploads\/2024\/01\/tichy06.jpg\" width=\"240\" height=\"180\" alt=\"\"\/><\/a><\/div><div class=\"rl-gallery-item\"><a href=\"https:\/\/ericdesneux.fr\/wp-content\/uploads\/2024\/01\/tichy04.jpg\" title=\"\" data-rl_title=\"\" class=\"rl-gallery-link\" data-rl_caption=\"\" data-rel=\"lightbox-gallery-1\"><img loading=\"lazy\" decoding=\"async\" src=\"https:\/\/ericdesneux.fr\/wp-content\/uploads\/2024\/01\/tichy04.jpg\" width=\"240\" height=\"180\" alt=\"\"\/><\/a><\/div><div class=\"rl-gallery-item\"><a href=\"https:\/\/ericdesneux.fr\/wp-content\/uploads\/2024\/01\/tichy08.jpg\" title=\"\" data-rl_title=\"\" class=\"rl-gallery-link\" data-rl_caption=\"\" data-rel=\"lightbox-gallery-1\"><img loading=\"lazy\" decoding=\"async\" src=\"https:\/\/ericdesneux.fr\/wp-content\/uploads\/2024\/01\/tichy08.jpg\" width=\"240\" height=\"180\" alt=\"\"\/><\/a><\/div> <\/div> <\/div><\/div>\n","protected":false},"excerpt":{"rendered":"<p>Miroslav Tichy est photographe. Son obsession : la figure f\u00e9minine, mais ce n&#8217;est pas ce qui m&#8217;a pouss\u00e9 \u00e0 \u00e9crire cette page. Ce<\/p>\n","protected":false},"author":1,"featured_media":6512,"comment_status":"open","ping_status":"closed","sticky":false,"template":"","format":"standard","meta":{"footnotes":""},"categories":[655],"tags":[133,27,138],"class_list":["post-3396","post","type-post","status-publish","format-standard","has-post-thumbnail","hentry","category-art","tag-beaubourg","tag-photo","tag-tichy","two-columns"],"_links":{"self":[{"href":"https:\/\/ericdesneux.fr\/index.php?rest_route=\/wp\/v2\/posts\/3396","targetHints":{"allow":["GET"]}}],"collection":[{"href":"https:\/\/ericdesneux.fr\/index.php?rest_route=\/wp\/v2\/posts"}],"about":[{"href":"https:\/\/ericdesneux.fr\/index.php?rest_route=\/wp\/v2\/types\/post"}],"author":[{"embeddable":true,"href":"https:\/\/ericdesneux.fr\/index.php?rest_route=\/wp\/v2\/users\/1"}],"replies":[{"embeddable":true,"href":"https:\/\/ericdesneux.fr\/index.php?rest_route=%2Fwp%2Fv2%2Fcomments&post=3396"}],"version-history":[{"count":8,"href":"https:\/\/ericdesneux.fr\/index.php?rest_route=\/wp\/v2\/posts\/3396\/revisions"}],"predecessor-version":[{"id":9160,"href":"https:\/\/ericdesneux.fr\/index.php?rest_route=\/wp\/v2\/posts\/3396\/revisions\/9160"}],"wp:featuredmedia":[{"embeddable":true,"href":"https:\/\/ericdesneux.fr\/index.php?rest_route=\/wp\/v2\/media\/6512"}],"wp:attachment":[{"href":"https:\/\/ericdesneux.fr\/index.php?rest_route=%2Fwp%2Fv2%2Fmedia&parent=3396"}],"wp:term":[{"taxonomy":"category","embeddable":true,"href":"https:\/\/ericdesneux.fr\/index.php?rest_route=%2Fwp%2Fv2%2Fcategories&post=3396"},{"taxonomy":"post_tag","embeddable":true,"href":"https:\/\/ericdesneux.fr\/index.php?rest_route=%2Fwp%2Fv2%2Ftags&post=3396"}],"curies":[{"name":"wp","href":"https:\/\/api.w.org\/{rel}","templated":true}]}}