{"id":3260,"date":"2010-04-02T15:49:05","date_gmt":"2010-04-02T14:49:05","guid":{"rendered":"https:\/\/ericdesneux.fr\/?p=3260"},"modified":"2024-05-06T16:44:50","modified_gmt":"2024-05-06T15:44:50","slug":"vert-printemps","status":"publish","type":"post","link":"https:\/\/ericdesneux.fr\/?p=3260","title":{"rendered":"Vert Printemps"},"content":{"rendered":"<p style=\"text-align: left;\"><strong>Une promesse. Rien de plus.<\/strong> Un soup\u00e7on de beaut\u00e9 juv\u00e9nile, les premi\u00e8res pousses du mois de mars. Mais qui doute que la chaleur reviendra, que l&#8217;herbe repoussera et que les arbres refleuriront ? Nous sommes si press\u00e9s de voir finir l&#8217;hiver qui se termine que nous sentons deja les brises d&#8217;\u00e9t\u00e9 caresser nos visages.<\/p>\n<p style=\"text-align: left;\"><strong>Chaque ann\u00e9e les saisons reviennent. Immanquablement. Comme pour nous rappeler \u00e0 l&#8217;esp\u00e9rance.<\/strong> Mais l&#8217;humanit\u00e9, elle, attend toujours son printemps. Elle a travers\u00e9 maints hivers, esp\u00e9r\u00e9 en de nombreux soleils pour faire surgir un monde meilleur : le paganisme et ses idoles, la religion et ses dogmes, la politique et ses lois et maintenant la science et ses &#8220;experts&#8221; (anthropologues, \u00e9conomistes, sociologues, m\u00e9diologues, scientifiques&#8230;). Qu&#8217;en reste t-il aujourd&#8217;hui ? Ou cela nous a t-il conduit ?<\/p>\n<p style=\"text-align: left;\"><strong>Je lis ces jours-ci dans la presse, que nos hommes politiques s&#8217;inqui\u00e8tent (je cite) de ce &#8220;les fran\u00e7ais sont fatigu\u00e9s psychiquement&#8221;.<\/strong> Doux euph\u00e9misme pour dire que notre monde ne croit plus en rien, et surtout pas en ses &#8220;sp\u00e9cialistes&#8221;, que ses soleils se sont \u00e9teints.<\/p>\n<p style=\"text-align: left;\">Il est temps pour l&#8217;homme de red\u00e9couvrir ce dont il a vraiment besoin pour vivre : amour et libert\u00e9.<br \/>\nVoila les soleils que j&#8217;aimerai voir se lever sur l&#8217;Humanit\u00e9.<br \/>\nVoila la chaleur \u00e0 laquelle j&#8217;aimerai \u00eatre expos\u00e9.<\/p>\n<p style=\"text-align: left;\">Pour r\u00e9chauffer nos ardeurs buissonni\u00e8res<br \/>\nsortir de nos cages mentales<br \/>\net nous laisser envahir par la S\u00e8ve<br \/>\ngrasse et nourrici\u00e8re,<\/p>\n<p style=\"text-align: left;\">LA S\u00e8ve !<\/p>\n","protected":false},"excerpt":{"rendered":"<p>Une promesse. Rien de plus. Un soup\u00e7on de beaut\u00e9 juv\u00e9nile, les premi\u00e8res pousses du mois de mars. Mais qui doute que la chaleur<\/p>\n","protected":false},"author":1,"featured_media":6497,"comment_status":"open","ping_status":"closed","sticky":false,"template":"","format":"standard","meta":{"footnotes":""},"categories":[635],"tags":[233,246],"class_list":["post-3260","post","type-post","status-publish","format-standard","has-post-thumbnail","hentry","category-poesie","tag-printemps","tag-seve","two-columns"],"_links":{"self":[{"href":"https:\/\/ericdesneux.fr\/index.php?rest_route=\/wp\/v2\/posts\/3260","targetHints":{"allow":["GET"]}}],"collection":[{"href":"https:\/\/ericdesneux.fr\/index.php?rest_route=\/wp\/v2\/posts"}],"about":[{"href":"https:\/\/ericdesneux.fr\/index.php?rest_route=\/wp\/v2\/types\/post"}],"author":[{"embeddable":true,"href":"https:\/\/ericdesneux.fr\/index.php?rest_route=\/wp\/v2\/users\/1"}],"replies":[{"embeddable":true,"href":"https:\/\/ericdesneux.fr\/index.php?rest_route=%2Fwp%2Fv2%2Fcomments&post=3260"}],"version-history":[{"count":5,"href":"https:\/\/ericdesneux.fr\/index.php?rest_route=\/wp\/v2\/posts\/3260\/revisions"}],"predecessor-version":[{"id":8966,"href":"https:\/\/ericdesneux.fr\/index.php?rest_route=\/wp\/v2\/posts\/3260\/revisions\/8966"}],"wp:featuredmedia":[{"embeddable":true,"href":"https:\/\/ericdesneux.fr\/index.php?rest_route=\/wp\/v2\/media\/6497"}],"wp:attachment":[{"href":"https:\/\/ericdesneux.fr\/index.php?rest_route=%2Fwp%2Fv2%2Fmedia&parent=3260"}],"wp:term":[{"taxonomy":"category","embeddable":true,"href":"https:\/\/ericdesneux.fr\/index.php?rest_route=%2Fwp%2Fv2%2Fcategories&post=3260"},{"taxonomy":"post_tag","embeddable":true,"href":"https:\/\/ericdesneux.fr\/index.php?rest_route=%2Fwp%2Fv2%2Ftags&post=3260"}],"curies":[{"name":"wp","href":"https:\/\/api.w.org\/{rel}","templated":true}]}}