{"id":13721,"date":"2024-03-01T16:07:44","date_gmt":"2024-03-01T15:07:44","guid":{"rendered":"https:\/\/ericdesneux.fr\/?p=13721"},"modified":"2024-03-01T16:07:44","modified_gmt":"2024-03-01T15:07:44","slug":"post-porte-fenetre","status":"publish","type":"post","link":"https:\/\/ericdesneux.fr\/?p=13721","title":{"rendered":"POST PORTE-FEN\u00caTRE"},"content":{"rendered":"\n<p><strong>Accueil d&#8217;une nouvelle cat\u00e9gorie en ligne sur le site, d\u00e9nomm\u00e9e 0 comme z\u00e9ro,<\/strong> pour un tout nouveau type de pOst : le POST PORTE-FEN\u00caTRE. Point de d\u00e9part de toute chose, rond comme un \u0153uf, poche d&#8217;ouverture, ce O sigle bien l&#8217;id\u00e9e ma\u00eetresse qui anime ce projet. <\/p>\n\n\n\n<p><strong>CONCEPT : <\/strong>livrer en ligne un texte bribes par bribes tout au long de son \u00e9criture, pour donner \u00e0 voir et lire sa gen\u00e8se. Qui n&#8217;a jamais r\u00eav\u00e9 de voir l&#8217;\u0153uvre d&#8217;un artiste peintre se dessiner sous ses yeux jusqu&#8217;\u00e0 la touche finale en direct ? Alors pourquoi pas un texte, aussi court soit-il  ?<br><br><strong><a href=\"https:\/\/ericdesneux.fr\/?p=6012\">Ce proc\u00e9d\u00e9<\/a> initialement mis en place pour l&#8217;\u00e9criture de la page <a href=\"https:\/\/ericdesneux.fr\/?page_id=3413\">BIO<\/a><\/strong>, page nourrie de mots nouveaux au fil des jours dans le cours d&#8217;une \u00e9criture qui jaillit sans pr\u00e9venir, a \u00e9t\u00e9 repris en proc\u00e9d\u00e9 r\u00e9gulier pour inaugurer un cycle d&#8217;exp\u00e9riences \u00e0 partager publiquement, avec la cr\u00e9ation et publication DE SENTES \u00c0 LYRE, un concept d&#8217;\u00e9criture forg\u00e9 pour d\u00e9crire la cr\u00e9ation d&#8217;IMAGE-SIGNES \u00e0 partir de MOT-SONS o\u00f9 se m\u00ealent dessin et po\u00e9sie et dessin, SENTES \u00c0 LYRE qui viendront r\u00e9guli\u00e8rement orner ces pages pour enluminer le Dire.<\/p>\n\n\n\n<p class=\"has-text-align-center\"><strong>Pour marquer la mise en \u0153uvre du proc\u00e9d\u00e9 en cours sur la page<\/strong><br><strong> et pr\u00e9venir<\/strong> <strong>le visiteur de passage de la nature CHANTIER du sentier qu&#8217;il a emprunt\u00e9,<\/strong><br><strong>sera affich\u00e9 ce BLOC verdoyant dans le CORPS du POST concern\u00e9 :<br><\/strong><\/p>\n\n\n\n<p class=\"has-text-align-center has-light-green-cyan-background-color has-background\"><strong>NOTA<\/strong><br>POST PORTE-FEN\u00caTRE SUR LA GENESE D&#8217;UN TEXTE<strong><br>Ecriture du post en cours selon process d\u00e9crit <a href=\"https:\/\/ericdesneux.fr\/?p=6012\">ICI<\/a> <br><\/strong>PUBLICATION BRIBES PAR BRIBES<\/p>\n\n\n\n<p class=\"has-text-align-center\"><strong>Ce type de post ne concernera que DES SENTES \u00c0 LYRE, publi\u00e9es en BLOC-NOTES<br>Un seul O \u00e0 la fois, une seule fen\u00eatre sur site, une seule sente \u00e0 parcourir<\/strong><strong><br>Dans l&#8217;espoir de vous donner \u00e0 voir et vivre une exp\u00e9rience in\u00e9dite.<br><br>\u00c6RIK<\/strong><\/p>\n\n\n<div class=\"wp-block-image\">\n<figure class=\"aligncenter size-full is-resized\"><a href=\"https:\/\/ericdesneux.fr\/?p=13452\"><img loading=\"lazy\" decoding=\"async\" width=\"514\" height=\"492\" src=\"https:\/\/ericdesneux.fr\/wp-content\/uploads\/2024\/03\/OISEAU-LYRE.png\" alt=\"\" class=\"wp-image-13753\" style=\"width:518px;height:auto\" srcset=\"https:\/\/ericdesneux.fr\/wp-content\/uploads\/2024\/03\/OISEAU-LYRE.png 514w, https:\/\/ericdesneux.fr\/wp-content\/uploads\/2024\/03\/OISEAU-LYRE-300x287.png 300w\" sizes=\"auto, (max-width: 514px) 100vw, 514px\" \/><\/a><\/figure>\n<\/div>\n\n\n<p class=\"has-text-align-center\">Exemple d&#8217;une sente pass\u00e9 de bois fendu \u00e0 buche taill\u00e9e \u00e0 la hachette, cet OISEAU-LYRE<br><a href=\"https:\/\/ericdesneux.fr\/?p=13452\">La premi\u00e8re des SENTES A LYRE<\/a> publi\u00e9 sur ce site, taggu\u00e9 en &#8220;O&#8221; apr\u00e8s alignement des signes<br>et passage de lames cisailles pour r\u00e9duire le tout \u00e0 UNE IMAGE-SIGNE ail\u00e9e de MOTS-SONS h\u00e9l\u00e9s,<br>texte qui orna la page d&#8217;accueil du site un temps et dont voici le fil Originel :<br><br>O<\/p>\n\n\n\n<h4 class=\"wp-block-heading has-text-align-center\"><strong>Po\u00e8te<br>Filmeur Dessinateur<br>Musicien \u00e0 mes heures<br>J\u2019arpente les mots<br>\u00e0 corps-et-cris<br>Je chasse les sens<br>Je&nbsp;traque les sons<br>Je filme la vie \u00e0 bras<br>le corps en vrille<br>Je file le flou<br>Je fais flow-bonds<br>J\u2019embrasse les flots<br>J\u2019image les signes<br>Je m\u00eale les mots<br>Je mords la rime<br>Je parle en langues<br>Je&nbsp;d\u00e9lie les livres<br>Je ferre les&nbsp;angles<br>\u00c0 main lev\u00e9e<br>Je dessine<br>Des sentes<br>\u00c0 lire<br>\u222b<br>Je file l\u00e9ger<br>Je lance stances<br>Je d\u00e9visse en vide<br>Je sors du champs<br>Je pars en frises<br>Devant l\u2019Ab\u00eeme<br>Je danse<br>\u0555<br>Je grappe \u00eelots<br>Je p\u00e9tris mot-sons<br>Je graphe images<br>en Signes<br>~<br>Je frise les nues<br>Je fends les t\u00eates<br>Je file sans n\u0153uds<br>Mes lignes<br>\u03be<br>J\u2019aff\u00fbte mes textes<br>Pour que d\u2019arabesques<br>En chants lyriques<br>S\u2019ouvrent Yeux<br>Et Gorges-<br>Fontaines<\/strong><\/h4>\n\n\n\n<h3 class=\"wp-block-heading has-text-align-center\"><strong>|<br>EN<br>F\u00caTE<br>.<br>BI1VENUE<br>ON BOARD<br>|<\/strong><\/h3>\n\n\n\n<h2 class=\"wp-block-heading has-text-align-center\"> <a href=\"https:\/\/ericdesneux.fr\">\u00c6RIK<br>IMAGIKAL SPACE<\/a><br><\/h2>\n\n\n\n<p class=\"has-text-align-center\"><strong><br><\/strong><\/p>\n\n\n\n<p><\/p>\n","protected":false},"excerpt":{"rendered":"<p>Accueil d&#8217;une nouvelle cat\u00e9gorie en ligne sur le site, d\u00e9nomm\u00e9e 0 comme z\u00e9ro, pour un tout nouveau type de pOst : le POST<\/p>\n","protected":false},"author":1,"featured_media":0,"comment_status":"open","ping_status":"closed","sticky":false,"template":"","format":"standard","meta":{"footnotes":""},"categories":[671,670,635],"tags":[],"class_list":["post-13721","post","type-post","status-publish","format-standard","hentry","category-en_cours","category-actus","category-poesie","two-columns"],"_links":{"self":[{"href":"https:\/\/ericdesneux.fr\/index.php?rest_route=\/wp\/v2\/posts\/13721","targetHints":{"allow":["GET"]}}],"collection":[{"href":"https:\/\/ericdesneux.fr\/index.php?rest_route=\/wp\/v2\/posts"}],"about":[{"href":"https:\/\/ericdesneux.fr\/index.php?rest_route=\/wp\/v2\/types\/post"}],"author":[{"embeddable":true,"href":"https:\/\/ericdesneux.fr\/index.php?rest_route=\/wp\/v2\/users\/1"}],"replies":[{"embeddable":true,"href":"https:\/\/ericdesneux.fr\/index.php?rest_route=%2Fwp%2Fv2%2Fcomments&post=13721"}],"version-history":[{"count":0,"href":"https:\/\/ericdesneux.fr\/index.php?rest_route=\/wp\/v2\/posts\/13721\/revisions"}],"wp:attachment":[{"href":"https:\/\/ericdesneux.fr\/index.php?rest_route=%2Fwp%2Fv2%2Fmedia&parent=13721"}],"wp:term":[{"taxonomy":"category","embeddable":true,"href":"https:\/\/ericdesneux.fr\/index.php?rest_route=%2Fwp%2Fv2%2Fcategories&post=13721"},{"taxonomy":"post_tag","embeddable":true,"href":"https:\/\/ericdesneux.fr\/index.php?rest_route=%2Fwp%2Fv2%2Ftags&post=13721"}],"curies":[{"name":"wp","href":"https:\/\/api.w.org\/{rel}","templated":true}]}}