{"id":10803,"date":"2024-02-10T15:52:17","date_gmt":"2024-02-10T15:52:17","guid":{"rendered":"https:\/\/ericdesneux.fr\/?p=10803"},"modified":"2024-08-06T20:51:05","modified_gmt":"2024-08-06T19:51:05","slug":"le-suprematisme-de-malevitch-un-nihilisme-transfigure","status":"publish","type":"post","link":"https:\/\/ericdesneux.fr\/?p=10803","title":{"rendered":"Le supr\u00e9matisme de Malevitch, un nihilisme transfigur\u00e9 ?"},"content":{"rendered":"\n<div data-wp-interactive=\"core\/file\" class=\"wp-block-file\"><object data-wp-bind--hidden=\"!state.hasPdfPreview\" hidden class=\"wp-block-file__embed\" data=\"https:\/\/ericdesneux.fr\/wp-content\/uploads\/2024\/02\/ericdesneux_MALEVITCH_v2024b_lt.pdf\" type=\"application\/pdf\" style=\"width:100%;height:600px\" aria-label=\"Contenu embarqu\u00e9 ericdesneux_MALEVITCH_v2024b_lt.\"><\/object><a id=\"wp-block-file--media-14f4c536-7e2e-42d4-8aec-eef12245241c\" href=\"https:\/\/ericdesneux.fr\/wp-content\/uploads\/2024\/02\/ericdesneux_MALEVITCH_v2024b_lt.pdf\">ericdesneux_MALEVITCH_v2024b_lt<\/a><a href=\"https:\/\/ericdesneux.fr\/wp-content\/uploads\/2024\/02\/ericdesneux_MALEVITCH_v2024b_lt.pdf\" class=\"wp-block-file__button wp-element-button\" download aria-describedby=\"wp-block-file--media-14f4c536-7e2e-42d4-8aec-eef12245241c\">T\u00e9l\u00e9charger<\/a><\/div>\n\n\n\n<p><strong>Carr\u00e9 noir pour le weekend. <\/strong>Le geste iconoclaste et r\u00e9volutionnaire de Malevitch annonc\u00e9 sur ce site, surgit dans les pages d&#8217;un dossier d&#8217;\u00e9tudes d&#8217;art \u00e9crit en 1990. <\/p>\n\n\n\n<p>Revu, augment\u00e9 et annot\u00e9, enrichi d&#8217;images, il vaut pour la candeur du regard d&#8217;un jeune \u00e9tudiant qui d\u00e9couvre les avant-gardes russes du d\u00e9but du 20\u00e8me si\u00e8cle, en plein bouleversement mondial apr\u00e8s la chute du Mur de Berlin en 1989, \u00e9v\u00e8nement qui fera plus que marquer les esprits, puisqu&#8217;il provoquera l&#8217;\u00e9clatement de l&#8217;Empire sovi\u00e9tique et confortera l&#8217;Am\u00e9rique dans son h\u00e9g\u00e9monie capitaliste.<\/p>\n\n\n\n<p><strong>Outre l&#8217;\u0153uvre et la pens\u00e9e de l&#8217;artiste russe, il me donne \u00e0 lire \u00e0 l&#8217;aube des 20 ans,<\/strong> tout juste avant la d\u00e9couverte de la foi apr\u00e8s avoir perdu foi en un id\u00e9al politique et les voies d&#8217;action de la gauche radicale, un temps entrevues comme voie d&#8217;engagement combative pour changer le monde, abandonn\u00e9es depuis. Il signe aussi la persistance des sujets qui animent mes pens\u00e9es et recherches depuis longtemps et qui fleurissent aujourd&#8217;hui sur ce site, alors m\u00eame que je revisite plus de 30 ans d&#8217;archives litt\u00e9raires et de r\u00e9alisation filmique, en naufrag\u00e9 d&#8217;un monde qui peine \u00e0 entendre ses artistes.<\/p>\n\n\n\n<p>S&#8217;agissant d&#8217;un travail r\u00e9alis\u00e9 dans le cadre d&#8217;un cours optionnel dans une \u00e9cole de Commerce il y a maintenant plus de 30 ans, et qui ne peut pour cette raison pr\u00e9tendre, ni \u00e0 la rigueur scientifique, ni \u00e0 la maturit\u00e9 d&#8217;un regard averti et aguerri <strong>ce document de jeunesse in\u00e9dit est diffus\u00e9 librement hors commerce<\/strong>, dans le but de faire d\u00e9couvrir cet artiste russe qu&#8217;est Malevitch dont la pens\u00e9e et l&#8217;\u0153uvre ont marqu\u00e9 le XX\u00e8me si\u00e8cle, bien au-del\u00e0 des fronti\u00e8res de la Russie. La Russie dont les liens avec la France ne sont pas en reste, comme on peut le lire dans ce texte qui signe en filigrane, mon attachement \u00e0 cette culture ce peuple et ce pays qui n&#8217;a eu de cesse de nourrir par ses artistes penseurs et \u00e9crivains, ma pens\u00e9e et mon cheminement d&#8217;homme et d&#8217;artiste depuis.<\/p>\n\n\n\n<p><strong>Rien de politique dans ce geste en nos temps troubl\u00e9s par la mont\u00e9e en puissance de la Russie<\/strong> avec la Chine face \u00e0 une Europe d\u00e9sarm\u00e9e et des Etats-Unis au bord de l&#8217;implosion d\u00e9mocratique. Ce travail s&#8217;inscrit dans une qu\u00eate hors les si\u00e8cles. L&#8217;Am\u00e9rique n&#8217;est pas et ne sera pas en reste au demeurant sur ce site. Elle a elle aussi ses \u00e9crans noirs <em>magiques<\/em> d&#8217;o\u00f9 sont sorties couleurs formes et lumi\u00e8re en f\u00eate. <\/p>\n\n\n\n<p><strong>A l&#8217;\u00e9poque du Carr\u00e9 Noir en 1914, outre atlantique, Windsor MacCay, cr\u00e9e Gertie le Dinosaure, <\/strong>le premier film d&#8217;animation mettant en sc\u00e8ne un personnage en animant un simple trait noir sur fond blanc \u00e0 l&#8217;image. Du Carr\u00e9 Noir au Dinosaure, n&#8217;y a t-il pas un curieux \u00e9cho \u00e0 l&#8217;univers primitif et pari\u00e9tal qui signe les premiers temps de l&#8217;humanit\u00e9, et renvoie \u00e0 l&#8217;aube de temps nouveaux apr\u00e8s destruction d&#8217;un monde ancien ? <\/p>\n\n\n<div class=\"wp-block-image\">\n<figure class=\"aligncenter size-full\"><img loading=\"lazy\" decoding=\"async\" width=\"449\" height=\"350\" src=\"https:\/\/ericdesneux.fr\/wp-content\/uploads\/2024\/02\/Winsor_McCay_1914_Gertie_the_Dinosaur_-_Gertie_carries_MccCay_in_her_mouth.jpg\" alt=\"\" class=\"wp-image-10846\" srcset=\"https:\/\/ericdesneux.fr\/wp-content\/uploads\/2024\/02\/Winsor_McCay_1914_Gertie_the_Dinosaur_-_Gertie_carries_MccCay_in_her_mouth.jpg 449w, https:\/\/ericdesneux.fr\/wp-content\/uploads\/2024\/02\/Winsor_McCay_1914_Gertie_the_Dinosaur_-_Gertie_carries_MccCay_in_her_mouth-300x234.jpg 300w\" sizes=\"auto, (max-width: 449px) 100vw, 449px\" \/><\/figure>\n<\/div>\n\n\n<p>Au Dinosaure de 1914 en phase avec<em> le Carr\u00e9 Noi<\/em>r, r\u00e9pond en 1919 quand surgit sous les pinceaux de Malevitch en Russie <em>le Carr\u00e9 blanc sur blanc<\/em>, le noir de noir <strong>Felix le Cat <\/strong>d&#8217;Otto Mesmer, petite bombe anim\u00e9e qui ouvrira le bal de tous les fuselards en fus\u00e9e d&#8217;Hollywood, au pays des gros cigares et des jolis p\u00e9p\u00e9s. A chacun sa sortir du NOIR !<\/p>\n\n\n<div class=\"wp-block-image\">\n<figure class=\"aligncenter size-full is-resized\"><img loading=\"lazy\" decoding=\"async\" width=\"1024\" height=\"840\" src=\"https:\/\/ericdesneux.fr\/wp-content\/uploads\/2024\/02\/Felix-the-Cat_-by-Raoul-Barre.svg_.png\" alt=\"\" class=\"wp-image-10851\" style=\"width:332px;height:auto\" srcset=\"https:\/\/ericdesneux.fr\/wp-content\/uploads\/2024\/02\/Felix-the-Cat_-by-Raoul-Barre.svg_.png 1024w, https:\/\/ericdesneux.fr\/wp-content\/uploads\/2024\/02\/Felix-the-Cat_-by-Raoul-Barre.svg_-300x246.png 300w, https:\/\/ericdesneux.fr\/wp-content\/uploads\/2024\/02\/Felix-the-Cat_-by-Raoul-Barre.svg_-768x630.png 768w\" sizes=\"auto, (max-width: 1024px) 100vw, 1024px\" \/><\/figure>\n<\/div>\n\n\n<p>A bient\u00f4t pour de nouvelles sorties et Bonne lecture en attendant, pour ceux qu&#8217;une<em> <\/em><strong>qu\u00eate de l&#8217;absolu <\/strong>int\u00e9resse. Qui dit <em>supr\u00e9matiste<\/em> dit <em>Super Sup&#8217; de Cr\u00eame, L&#8217;artiste !<\/em><\/p>\n\n\n\n<p><strong>Photo.<\/strong> En couverture de cette entr\u00e9e, <em>La charge de la cavalerie rouge<\/em> de Malevitch (peint vers 1932)<\/p>\n\n\n\n<p><strong>Note :<\/strong> le document est corrig\u00e9 et augment\u00e9 r\u00e9guli\u00e8rement et livr\u00e9, compress\u00e9.<br>Actuellement en ligne, la version 2024b.<br><br>. <\/p>\n","protected":false},"excerpt":{"rendered":"<p>Carr\u00e9 noir pour le weekend. Le geste iconoclaste et r\u00e9volutionnaire de Malevitch annonc\u00e9 sur ce site, surgit dans les pages d&#8217;un dossier d&#8217;\u00e9tudes<\/p>\n","protected":false},"author":1,"featured_media":10805,"comment_status":"open","ping_status":"closed","sticky":false,"template":"","format":"standard","meta":{"footnotes":""},"categories":[633,670,655],"tags":[563,561,562],"class_list":["post-10803","post","type-post","status-publish","format-standard","has-post-thumbnail","hentry","category-lire","category-actus","category-art","tag-carre-noir","tag-malevitch","tag-suprematisme","two-columns"],"_links":{"self":[{"href":"https:\/\/ericdesneux.fr\/index.php?rest_route=\/wp\/v2\/posts\/10803","targetHints":{"allow":["GET"]}}],"collection":[{"href":"https:\/\/ericdesneux.fr\/index.php?rest_route=\/wp\/v2\/posts"}],"about":[{"href":"https:\/\/ericdesneux.fr\/index.php?rest_route=\/wp\/v2\/types\/post"}],"author":[{"embeddable":true,"href":"https:\/\/ericdesneux.fr\/index.php?rest_route=\/wp\/v2\/users\/1"}],"replies":[{"embeddable":true,"href":"https:\/\/ericdesneux.fr\/index.php?rest_route=%2Fwp%2Fv2%2Fcomments&post=10803"}],"version-history":[{"count":43,"href":"https:\/\/ericdesneux.fr\/index.php?rest_route=\/wp\/v2\/posts\/10803\/revisions"}],"predecessor-version":[{"id":10875,"href":"https:\/\/ericdesneux.fr\/index.php?rest_route=\/wp\/v2\/posts\/10803\/revisions\/10875"}],"wp:featuredmedia":[{"embeddable":true,"href":"https:\/\/ericdesneux.fr\/index.php?rest_route=\/wp\/v2\/media\/10805"}],"wp:attachment":[{"href":"https:\/\/ericdesneux.fr\/index.php?rest_route=%2Fwp%2Fv2%2Fmedia&parent=10803"}],"wp:term":[{"taxonomy":"category","embeddable":true,"href":"https:\/\/ericdesneux.fr\/index.php?rest_route=%2Fwp%2Fv2%2Fcategories&post=10803"},{"taxonomy":"post_tag","embeddable":true,"href":"https:\/\/ericdesneux.fr\/index.php?rest_route=%2Fwp%2Fv2%2Ftags&post=10803"}],"curies":[{"name":"wp","href":"https:\/\/api.w.org\/{rel}","templated":true}]}}