{"id":10550,"date":"2024-02-18T19:37:48","date_gmt":"2024-02-18T19:37:48","guid":{"rendered":"https:\/\/ericdesneux.fr\/?p=10550"},"modified":"2024-08-20T21:30:53","modified_gmt":"2024-08-20T20:30:53","slug":"leternite","status":"publish","type":"post","link":"https:\/\/ericdesneux.fr\/?p=10550","title":{"rendered":"L&#8217;\u00c9ternit\u00e9"},"content":{"rendered":"<p>Pouvons nous seulement concevoir ce que pourrait \u00eatre l&#8217;Eternit\u00e9, en l&#8217;absence d&#8217;exp\u00e9rience de sa Nature propre, eu \u00e9gard les r\u00e9elles possibilit\u00e9s qui sont les n\u00f4tres pour l&#8217;approcher, \u00e0 savoir le langage et la pens\u00e9e, eux-m\u00eames issues de notre finitude mortelle ? <\/p>\n<p>l&#8217;\u00c9ternit\u00e9.<br \/>\nUne somme des moments de tr\u00e8s haute intensit\u00e9 v\u00e9cues dans l&#8217;Existence, instants brefs mais \u00e9tal\u00e9s, car forts d&#8217;une Pr\u00e9sence qui les emporte hors du temps et les fait voyager, dans nos m\u00e9moires pour commencer. M\u00e9moire, m\u00e9moire&#8230;<\/p>\n<p>Certains po\u00e8tes parviennent \u00e0 \u00e9lever leurs chants pour garder m\u00e9moire de hauts faits ou de hautes pens\u00e9es, et alliant leur art \u00e0 la vie de ces choses, forgent une parole ou forment un \u00e9crit qui traversent les \u00e2ges, comme ceux d&#8217;Hom\u00e8re ou Virgile. Le propre des po\u00e8tes n&#8217;est-il pas de d\u00e9passer les limites du langage par les voies du langage lui-m\u00eame, pour exprimer l&#8217;inexprimable et rejoindre l&#8217;universel, l&#8217;imm\u00e9moriel ? Faire passer le hors-langage pour ainsi dire ?<\/p>\n<p>Se faire une \u00e2me (Rev. d&#8217;Ar\u00e8s 4\/6) ou se faire \u00e2me, ne serait-ce pas, dans un processus similaire, chercher \u00e0 se faire un hors-corps incorporel qui d\u00e9passe le corporel lui-m\u00eame pour exprimer la Vie atemporelle qu&#8217;il contient potentiellement en lui, en empruntant les voies du corporel, mais dans le Temps pour finir ? Dire en cons\u00e9quence que le corporel incorpore la possibilit\u00e9 de l&#8217;incorporel et peut m\u00eame produire de l&#8217;incorporel, nous am\u00e8ne \u00e0 consid\u00e9rer le Temps comme pouvant incorporer du Hors-temps et pouvant le faire sortir de lui-m\u00eame.<\/p>\n<p>Le faire sortir ou le rejoindre ? Ou bien encore, sortir pour le rejoindre ? Si Temps et Hors-temps sont deux mondes distincts, alors nous pouvons les concevoir l&#8217;un et l&#8217;autre comme vivant ensemble dans la dynamique pr\u00e9cit\u00e9e dans un Tout, lui-m\u00eame \u00e0 consid\u00e9rer au del\u00e0 du Temps et du Hors-Temps, mu par cette circulation qui les comprend tous deux en son sein, sein, soit dit en passant, dont on ne sait quelle forme il ni \u00e0 quel Corps plus vaste il appartient. Pouvoir tendre hypoth\u00e9tiquement l&#8217;horizon de sa possibilit\u00e9 est notre seul soutien. <\/p>\n<p>Qu&#8217;est ce qui nous est vraiment ext\u00e9rieur et hors de nous m\u00eame, et comment l&#8217;envisager en pens\u00e9e, d\u00e8s lors que notre pens\u00e9e est produite par et pour notre propre finitude ? Notre Pens\u00e9e, outil pour se d\u00e9gager, structur\u00e9e par le langage, incorporerait-elle en elle m\u00eame, le non-pensable ou sa possibilit\u00e9 ? Il nous faut l&#8217;envisager. Que serait le non-pensable alors ? A moins de sortir du langage et de la Pens\u00e9e elle-m\u00eame. Pour entrer dans quoi pour solutionner le probl\u00e8me ? Vaste question qui tend l&#8217;arc de notre perception, que nous reprendrons en article de fond. <\/p>\n<p>En attendant, ce po\u00e8me d&#8217;Arthur pour voyager haut et m\u00e9diter la question. <\/p>\n<p>&#8220;Elle est retrouv\u00e9e.<br \/>\nQuoi ? \u2013 L\u2019Eternit\u00e9.<br \/>\nC\u2019est la mer all\u00e9e<br \/>\nAvec le soleil.<\/p>\n<p>Ame sentinelle,<br \/>\nMurmurons l\u2019aveu<br \/>\nDe la nuit si nulle<br \/>\nEt du jour en feu.<\/p>\n<p>Des humains suffrages,<br \/>\nDes communs \u00e9lans<br \/>\nL\u00e0 tu te d\u00e9gages<br \/>\nEt voles selon.<\/p>\n<p>Puisque de vous seules,<br \/>\nBraises de satin,<br \/>\nLe Devoir s\u2019exhale<br \/>\nSans qu\u2019on dise : enfin.<\/p>\n<p>L\u00e0 pas d\u2019esp\u00e9rance,<br \/>\nNul orietur.<br \/>\nScience avec patience,<br \/>\nLe supplice est s\u00fbr.<\/p>\n<p>Elle est retrouv\u00e9e.<br \/>\nQuoi ? \u2013 L\u2019Eternit\u00e9.<br \/>\nC\u2019est la mer all\u00e9e<br \/>\nAvec le soleil.&#8221;<\/p>\n<p>L\u2019Eternit\u00e9<br \/>\nArthur Rimbaud<\/p>\n","protected":false},"excerpt":{"rendered":"<p>Pouvons nous seulement concevoir ce que pourrait \u00eatre l&#8217;Eternit\u00e9, en l&#8217;absence d&#8217;exp\u00e9rience de sa Nature propre, eu \u00e9gard les r\u00e9elles possibilit\u00e9s qui sont<\/p>\n","protected":false},"author":1,"featured_media":0,"comment_status":"open","ping_status":"open","sticky":false,"template":"","format":"standard","meta":{"footnotes":""},"categories":[635],"tags":[551,552],"class_list":["post-10550","post","type-post","status-publish","format-standard","hentry","category-poesie","tag-ame-2","tag-eternite","two-columns"],"_links":{"self":[{"href":"https:\/\/ericdesneux.fr\/index.php?rest_route=\/wp\/v2\/posts\/10550","targetHints":{"allow":["GET"]}}],"collection":[{"href":"https:\/\/ericdesneux.fr\/index.php?rest_route=\/wp\/v2\/posts"}],"about":[{"href":"https:\/\/ericdesneux.fr\/index.php?rest_route=\/wp\/v2\/types\/post"}],"author":[{"embeddable":true,"href":"https:\/\/ericdesneux.fr\/index.php?rest_route=\/wp\/v2\/users\/1"}],"replies":[{"embeddable":true,"href":"https:\/\/ericdesneux.fr\/index.php?rest_route=%2Fwp%2Fv2%2Fcomments&post=10550"}],"version-history":[{"count":3,"href":"https:\/\/ericdesneux.fr\/index.php?rest_route=\/wp\/v2\/posts\/10550\/revisions"}],"predecessor-version":[{"id":11298,"href":"https:\/\/ericdesneux.fr\/index.php?rest_route=\/wp\/v2\/posts\/10550\/revisions\/11298"}],"wp:attachment":[{"href":"https:\/\/ericdesneux.fr\/index.php?rest_route=%2Fwp%2Fv2%2Fmedia&parent=10550"}],"wp:term":[{"taxonomy":"category","embeddable":true,"href":"https:\/\/ericdesneux.fr\/index.php?rest_route=%2Fwp%2Fv2%2Fcategories&post=10550"},{"taxonomy":"post_tag","embeddable":true,"href":"https:\/\/ericdesneux.fr\/index.php?rest_route=%2Fwp%2Fv2%2Ftags&post=10550"}],"curies":[{"name":"wp","href":"https:\/\/api.w.org\/{rel}","templated":true}]}}